 {"id":24916,"date":"2026-03-26T16:57:42","date_gmt":"2026-03-26T19:57:42","guid":{"rendered":"https:\/\/saobernardo.ma.gov.br\/transparencia\/?p=24916"},"modified":"2026-03-26T16:57:42","modified_gmt":"2026-03-26T19:57:42","slug":"portaria-no-648-de-26-de-marco-de-2026-resolve-nomear-para-o-cargo-em-comissao-de-coordenador-pedagogico-das-da-e-m-coracao-de-jesus-o-a-sra-aline-maria-costa","status":"publish","type":"post","link":"https:\/\/saobernardo.ma.gov.br\/transparencia\/portarias\/portaria-no-648-de-26-de-marco-de-2026-resolve-nomear-para-o-cargo-em-comissao-de-coordenador-pedagogico-das-da-e-m-coracao-de-jesus-o-a-sra-aline-maria-costa\/","title":{"rendered":"PORTARIA N\u00ba 648, DE 26 DE MAR\u00c7O DE 2026 &#8211; RESOLVE NOMEAR, para o Cargo em Comiss\u00e3o de COORDENADOR PEDAG\u00d3GICO &#8211; DAS, DA E. M. CORA\u00c7\u00c3O DE JESUS, o (a) Sr(a). ALINE MARIA COSTA"},"content":{"rendered":"","protected":false},"excerpt":{"rendered":"","protected":false},"author":6,"featured_media":0,"comment_status":"open","ping_status":"closed","sticky":false,"template":"","format":"standard","meta":{"_acf_changed":false,"footnotes":""},"categories":[4],"tags":[],"mes":[26],"ano":[74],"secretarias":[70],"class_list":["post-24916","post","type-post","status-publish","format-standard","hentry","category-portarias","mes-marco","ano-74","secretarias-secretaria-municipal-de-gestao-semge"],"acf":{"documento":"https:\/\/saobernardo.ma.gov.br\/transparencia\/wp-content\/uploads\/2026\/03\/PORTARIA-No-648-NOMEACAO-DE-ALINE-MARIA-COSTA-PARA-O-CARGO-DE-COODENADOR-PEDAGOGICO-DA-ESCOLA-CORACAO-DE-JESUS.pdf","link_csv":"","situacao_da_portaria":"ATIVA","numero_do_documento":"2026","descricao":"Portaria","urldoarquivo":"https:\/\/saobernardo.ma.gov.br\/transparencia\/wp-content\/uploads\/2026\/03\/PORTARIA-No-648-NOMEACAO-DE-ALINE-MARIA-COSTA-PARA-O-CARGO-DE-COODENADOR-PEDAGOGICO-DA-ESCOLA-CORACAO-DE-JESUS.pdf"},"_links":{"self":[{"href":"https:\/\/saobernardo.ma.gov.br\/transparencia\/wp-json\/wp\/v2\/posts\/24916","targetHints":{"allow":["GET"]}}],"collection":[{"href":"https:\/\/saobernardo.ma.gov.br\/transparencia\/wp-json\/wp\/v2\/posts"}],"about":[{"href":"https:\/\/saobernardo.ma.gov.br\/transparencia\/wp-json\/wp\/v2\/types\/post"}],"author":[{"embeddable":true,"href":"https:\/\/saobernardo.ma.gov.br\/transparencia\/wp-json\/wp\/v2\/users\/6"}],"replies":[{"embeddable":true,"href":"https:\/\/saobernardo.ma.gov.br\/transparencia\/wp-json\/wp\/v2\/comments?post=24916"}],"version-history":[{"count":1,"href":"https:\/\/saobernardo.ma.gov.br\/transparencia\/wp-json\/wp\/v2\/posts\/24916\/revisions"}],"predecessor-version":[{"id":24918,"href":"https:\/\/saobernardo.ma.gov.br\/transparencia\/wp-json\/wp\/v2\/posts\/24916\/revisions\/24918"}],"wp:attachment":[{"href":"https:\/\/saobernardo.ma.gov.br\/transparencia\/wp-json\/wp\/v2\/media?parent=24916"}],"wp:term":[{"taxonomy":"category","embeddable":true,"href":"https:\/\/saobernardo.ma.gov.br\/transparencia\/wp-json\/wp\/v2\/categories?post=24916"},{"taxonomy":"post_tag","embeddable":true,"href":"https:\/\/saobernardo.ma.gov.br\/transparencia\/wp-json\/wp\/v2\/tags?post=24916"},{"taxonomy":"mes","embeddable":true,"href":"https:\/\/saobernardo.ma.gov.br\/transparencia\/wp-json\/wp\/v2\/mes?post=24916"},{"taxonomy":"ano","embeddable":true,"href":"https:\/\/saobernardo.ma.gov.br\/transparencia\/wp-json\/wp\/v2\/ano?post=24916"},{"taxonomy":"secretarias","embeddable":true,"href":"https:\/\/saobernardo.ma.gov.br\/transparencia\/wp-json\/wp\/v2\/secretarias?post=24916"}],"curies":[{"name":"wp","href":"https:\/\/api.w.org\/{rel}","templated":true}]}}