 {"id":24934,"date":"2026-03-27T10:17:45","date_gmt":"2026-03-27T13:17:45","guid":{"rendered":"https:\/\/saobernardo.ma.gov.br\/transparencia\/?p=24934"},"modified":"2026-03-27T10:17:45","modified_gmt":"2026-03-27T13:17:45","slug":"portaria-no-652-de-27-de-marco-de-2026-resolve-nomear-para-o-cargo-em-comissao-de-coordenador-pedagogico-das-da-e-m-manoel-de-almeida-portugal-o-a-sra-joao-paulo-cunha-de-melo","status":"publish","type":"post","link":"https:\/\/saobernardo.ma.gov.br\/transparencia\/portarias\/portaria-no-652-de-27-de-marco-de-2026-resolve-nomear-para-o-cargo-em-comissao-de-coordenador-pedagogico-das-da-e-m-manoel-de-almeida-portugal-o-a-sra-joao-paulo-cunha-de-melo\/","title":{"rendered":"PORTARIA N\u00ba 652, DE 27 DE MAR\u00c7O DE 2026 &#8211; RESOLVE NOMEAR, para o Cargo em Comiss\u00e3o de COORDENADOR PEDAG\u00d3GICO &#8211; DAS, DA E. M. MANOEL DE ALMEIDA PORTUGAL, o (a) Sr(a). JO\u00c3O PAULO CUNHA DE MELO"},"content":{"rendered":"","protected":false},"excerpt":{"rendered":"","protected":false},"author":6,"featured_media":0,"comment_status":"open","ping_status":"closed","sticky":false,"template":"","format":"standard","meta":{"_acf_changed":false,"footnotes":""},"categories":[4],"tags":[],"mes":[26],"ano":[74],"secretarias":[70],"class_list":["post-24934","post","type-post","status-publish","format-standard","hentry","category-portarias","mes-marco","ano-74","secretarias-secretaria-municipal-de-gestao-semge"],"acf":{"documento":"https:\/\/saobernardo.ma.gov.br\/transparencia\/wp-content\/uploads\/2026\/03\/PORTARIA-No-652-NOMEACAO-DE-JOAO-PAULO-CUNHA-DE-MELO-PARA-O-CARGO-DE-COORDENADOR-PEDAGOGICO-DA-ESCOLA-MANOEL-DE-ALMEIDA-PORTUGAL.pdf","link_csv":"","situacao_da_portaria":"ATIVA","numero_do_documento":"2026","descricao":"Portaria","urldoarquivo":"https:\/\/saobernardo.ma.gov.br\/transparencia\/wp-content\/uploads\/2026\/03\/PORTARIA-No-652-NOMEACAO-DE-JOAO-PAULO-CUNHA-DE-MELO-PARA-O-CARGO-DE-COORDENADOR-PEDAGOGICO-DA-ESCOLA-MANOEL-DE-ALMEIDA-PORTUGAL.pdf"},"_links":{"self":[{"href":"https:\/\/saobernardo.ma.gov.br\/transparencia\/wp-json\/wp\/v2\/posts\/24934","targetHints":{"allow":["GET"]}}],"collection":[{"href":"https:\/\/saobernardo.ma.gov.br\/transparencia\/wp-json\/wp\/v2\/posts"}],"about":[{"href":"https:\/\/saobernardo.ma.gov.br\/transparencia\/wp-json\/wp\/v2\/types\/post"}],"author":[{"embeddable":true,"href":"https:\/\/saobernardo.ma.gov.br\/transparencia\/wp-json\/wp\/v2\/users\/6"}],"replies":[{"embeddable":true,"href":"https:\/\/saobernardo.ma.gov.br\/transparencia\/wp-json\/wp\/v2\/comments?post=24934"}],"version-history":[{"count":1,"href":"https:\/\/saobernardo.ma.gov.br\/transparencia\/wp-json\/wp\/v2\/posts\/24934\/revisions"}],"predecessor-version":[{"id":24936,"href":"https:\/\/saobernardo.ma.gov.br\/transparencia\/wp-json\/wp\/v2\/posts\/24934\/revisions\/24936"}],"wp:attachment":[{"href":"https:\/\/saobernardo.ma.gov.br\/transparencia\/wp-json\/wp\/v2\/media?parent=24934"}],"wp:term":[{"taxonomy":"category","embeddable":true,"href":"https:\/\/saobernardo.ma.gov.br\/transparencia\/wp-json\/wp\/v2\/categories?post=24934"},{"taxonomy":"post_tag","embeddable":true,"href":"https:\/\/saobernardo.ma.gov.br\/transparencia\/wp-json\/wp\/v2\/tags?post=24934"},{"taxonomy":"mes","embeddable":true,"href":"https:\/\/saobernardo.ma.gov.br\/transparencia\/wp-json\/wp\/v2\/mes?post=24934"},{"taxonomy":"ano","embeddable":true,"href":"https:\/\/saobernardo.ma.gov.br\/transparencia\/wp-json\/wp\/v2\/ano?post=24934"},{"taxonomy":"secretarias","embeddable":true,"href":"https:\/\/saobernardo.ma.gov.br\/transparencia\/wp-json\/wp\/v2\/secretarias?post=24934"}],"curies":[{"name":"wp","href":"https:\/\/api.w.org\/{rel}","templated":true}]}}