 {"id":25033,"date":"2026-03-31T10:23:21","date_gmt":"2026-03-31T13:23:21","guid":{"rendered":"https:\/\/saobernardo.ma.gov.br\/transparencia\/?p=25033"},"modified":"2026-03-31T10:23:21","modified_gmt":"2026-03-31T13:23:21","slug":"portaria-no-654-de-31-de-marco-de-2026-fica-delegado-a-competencia-de-gestora-do-fundo-municipal-dos-direitos-da-pessoa-idosa-do-municipio-de-sao-bernardo-estado-do-maranhao-a-sra-abilene-olive","status":"publish","type":"post","link":"https:\/\/saobernardo.ma.gov.br\/transparencia\/portarias\/portaria-no-654-de-31-de-marco-de-2026-fica-delegado-a-competencia-de-gestora-do-fundo-municipal-dos-direitos-da-pessoa-idosa-do-municipio-de-sao-bernardo-estado-do-maranhao-a-sra-abilene-olive\/","title":{"rendered":"PORTARIA N\u00ba 654, DE 31 DE MAR\u00c7O DE 2026 &#8211; Fica delegado a compet\u00eancia de GESTORA DO FUNDO MUNICIPAL DOS DIREITOS DA PESSOA IDOSA, do munic\u00edpio de S\u00e3o Bernardo, Estado do Maranh\u00e3o, a Sra. Abilene Oliveira Sousa."},"content":{"rendered":"","protected":false},"excerpt":{"rendered":"","protected":false},"author":6,"featured_media":0,"comment_status":"open","ping_status":"closed","sticky":false,"template":"","format":"standard","meta":{"_acf_changed":false,"footnotes":""},"categories":[4],"tags":[],"mes":[26],"ano":[74],"secretarias":[70],"class_list":["post-25033","post","type-post","status-publish","format-standard","hentry","category-portarias","mes-marco","ano-74","secretarias-secretaria-municipal-de-gestao-semge"],"acf":{"documento":"https:\/\/saobernardo.ma.gov.br\/transparencia\/wp-content\/uploads\/2026\/03\/PORTARIA-654-NOMEACAO-DE-ABILENE-OLIVEIRA-SOUSA-COMO-PRESIDENTE-DO-CONSELHO-MUNICIPAL-DO-DIREITO-DA-PESSOA-IDOSA-1.pdf","link_csv":"","situacao_da_portaria":"ATIVA","numero_do_documento":"2026","descricao":"Portaria","urldoarquivo":"https:\/\/saobernardo.ma.gov.br\/transparencia\/wp-content\/uploads\/2026\/03\/PORTARIA-654-NOMEACAO-DE-ABILENE-OLIVEIRA-SOUSA-COMO-PRESIDENTE-DO-CONSELHO-MUNICIPAL-DO-DIREITO-DA-PESSOA-IDOSA-1.pdf"},"_links":{"self":[{"href":"https:\/\/saobernardo.ma.gov.br\/transparencia\/wp-json\/wp\/v2\/posts\/25033","targetHints":{"allow":["GET"]}}],"collection":[{"href":"https:\/\/saobernardo.ma.gov.br\/transparencia\/wp-json\/wp\/v2\/posts"}],"about":[{"href":"https:\/\/saobernardo.ma.gov.br\/transparencia\/wp-json\/wp\/v2\/types\/post"}],"author":[{"embeddable":true,"href":"https:\/\/saobernardo.ma.gov.br\/transparencia\/wp-json\/wp\/v2\/users\/6"}],"replies":[{"embeddable":true,"href":"https:\/\/saobernardo.ma.gov.br\/transparencia\/wp-json\/wp\/v2\/comments?post=25033"}],"version-history":[{"count":1,"href":"https:\/\/saobernardo.ma.gov.br\/transparencia\/wp-json\/wp\/v2\/posts\/25033\/revisions"}],"predecessor-version":[{"id":25039,"href":"https:\/\/saobernardo.ma.gov.br\/transparencia\/wp-json\/wp\/v2\/posts\/25033\/revisions\/25039"}],"wp:attachment":[{"href":"https:\/\/saobernardo.ma.gov.br\/transparencia\/wp-json\/wp\/v2\/media?parent=25033"}],"wp:term":[{"taxonomy":"category","embeddable":true,"href":"https:\/\/saobernardo.ma.gov.br\/transparencia\/wp-json\/wp\/v2\/categories?post=25033"},{"taxonomy":"post_tag","embeddable":true,"href":"https:\/\/saobernardo.ma.gov.br\/transparencia\/wp-json\/wp\/v2\/tags?post=25033"},{"taxonomy":"mes","embeddable":true,"href":"https:\/\/saobernardo.ma.gov.br\/transparencia\/wp-json\/wp\/v2\/mes?post=25033"},{"taxonomy":"ano","embeddable":true,"href":"https:\/\/saobernardo.ma.gov.br\/transparencia\/wp-json\/wp\/v2\/ano?post=25033"},{"taxonomy":"secretarias","embeddable":true,"href":"https:\/\/saobernardo.ma.gov.br\/transparencia\/wp-json\/wp\/v2\/secretarias?post=25033"}],"curies":[{"name":"wp","href":"https:\/\/api.w.org\/{rel}","templated":true}]}}