 {"id":25232,"date":"2026-04-22T11:45:53","date_gmt":"2026-04-22T14:45:53","guid":{"rendered":"https:\/\/saobernardo.ma.gov.br\/transparencia\/?p=25232"},"modified":"2026-04-22T11:46:06","modified_gmt":"2026-04-22T14:46:06","slug":"portaria-no-661-de-22-de-abril-de-2026-resolve-art-1o-nomear-para-o-cargo-em-comissao-de-assessora-juridico-municipal-de-transito-dans-da-secretaria-municipal-de-seguranca-publica","status":"publish","type":"post","link":"https:\/\/saobernardo.ma.gov.br\/transparencia\/portarias\/portaria-no-661-de-22-de-abril-de-2026-resolve-art-1o-nomear-para-o-cargo-em-comissao-de-assessora-juridico-municipal-de-transito-dans-da-secretaria-municipal-de-seguranca-publica\/","title":{"rendered":"PORTARIA N\u00ba 661, DE 22 DE ABRIL DE 2026 &#8211; RESOLVE NOMEAR, para o Cargo em Comiss\u00e3o de ASSESSOR(A) JUR\u00cdDICO MUNICIPAL DE TR\u00c2NSITO \u2013 DANS, DA SECRETARIA MUNICIPAL DE SEGURAN\u00c7A P\u00daBLICA, TR\u00c2NSITO E DEFESA SOCIAL, o (a) Sr(a). JO\u00c3O FERREIRA LIMA NETO SEGUNDO."},"content":{"rendered":"","protected":false},"excerpt":{"rendered":"","protected":false},"author":6,"featured_media":0,"comment_status":"open","ping_status":"closed","sticky":false,"template":"","format":"standard","meta":{"_acf_changed":false,"footnotes":""},"categories":[4],"tags":[],"mes":[27],"ano":[74],"secretarias":[70],"class_list":["post-25232","post","type-post","status-publish","format-standard","hentry","category-portarias","mes-abril","ano-74","secretarias-secretaria-municipal-de-gestao-semge"],"acf":{"documento":"https:\/\/saobernardo.ma.gov.br\/transparencia\/wp-content\/uploads\/2026\/04\/PORTARIA-No-661-NOMEACAO-DE-JOAO-FERREIRA-LIMA-NETO-SEGUNDO-PARA-O-CARGO-DE-ASSESSOR-JURIDICO-DA-SECREATARIA-DE-SEGURANCA-PUBLICA-TRANSITO-E-DEFESA-SOCIAL.pdf","situacao_da_portaria":"ATIVA","link_csv":"","numero_do_documento":"2026","descricao":"Portaria","urldoarquivo":"https:\/\/saobernardo.ma.gov.br\/transparencia\/wp-content\/uploads\/2026\/04\/PORTARIA-No-661-NOMEACAO-DE-JOAO-FERREIRA-LIMA-NETO-SEGUNDO-PARA-O-CARGO-DE-ASSESSOR-JURIDICO-DA-SECREATARIA-DE-SEGURANCA-PUBLICA-TRANSITO-E-DEFESA-SOCIAL.pdf"},"_links":{"self":[{"href":"https:\/\/saobernardo.ma.gov.br\/transparencia\/wp-json\/wp\/v2\/posts\/25232","targetHints":{"allow":["GET"]}}],"collection":[{"href":"https:\/\/saobernardo.ma.gov.br\/transparencia\/wp-json\/wp\/v2\/posts"}],"about":[{"href":"https:\/\/saobernardo.ma.gov.br\/transparencia\/wp-json\/wp\/v2\/types\/post"}],"author":[{"embeddable":true,"href":"https:\/\/saobernardo.ma.gov.br\/transparencia\/wp-json\/wp\/v2\/users\/6"}],"replies":[{"embeddable":true,"href":"https:\/\/saobernardo.ma.gov.br\/transparencia\/wp-json\/wp\/v2\/comments?post=25232"}],"version-history":[{"count":2,"href":"https:\/\/saobernardo.ma.gov.br\/transparencia\/wp-json\/wp\/v2\/posts\/25232\/revisions"}],"predecessor-version":[{"id":25235,"href":"https:\/\/saobernardo.ma.gov.br\/transparencia\/wp-json\/wp\/v2\/posts\/25232\/revisions\/25235"}],"wp:attachment":[{"href":"https:\/\/saobernardo.ma.gov.br\/transparencia\/wp-json\/wp\/v2\/media?parent=25232"}],"wp:term":[{"taxonomy":"category","embeddable":true,"href":"https:\/\/saobernardo.ma.gov.br\/transparencia\/wp-json\/wp\/v2\/categories?post=25232"},{"taxonomy":"post_tag","embeddable":true,"href":"https:\/\/saobernardo.ma.gov.br\/transparencia\/wp-json\/wp\/v2\/tags?post=25232"},{"taxonomy":"mes","embeddable":true,"href":"https:\/\/saobernardo.ma.gov.br\/transparencia\/wp-json\/wp\/v2\/mes?post=25232"},{"taxonomy":"ano","embeddable":true,"href":"https:\/\/saobernardo.ma.gov.br\/transparencia\/wp-json\/wp\/v2\/ano?post=25232"},{"taxonomy":"secretarias","embeddable":true,"href":"https:\/\/saobernardo.ma.gov.br\/transparencia\/wp-json\/wp\/v2\/secretarias?post=25232"}],"curies":[{"name":"wp","href":"https:\/\/api.w.org\/{rel}","templated":true}]}}