 {"id":3134,"date":"2020-08-18T21:43:44","date_gmt":"2020-08-19T00:43:44","guid":{"rendered":"http:\/\/saobernardo.ma.gov.br\/transparencia\/?p=3134"},"modified":"2023-06-13T16:10:36","modified_gmt":"2023-06-13T19:10:36","slug":"decreto-municipal-no-111-de-18-de-agosto-de-2020-dispoe-sobre-a-3a-fase-de-flexibilizacao-das-atividades-comerciais-no-municipio-e-prorrogacao-das-medidas-restritivas-e-de-isolamento-social","status":"publish","type":"post","link":"https:\/\/saobernardo.ma.gov.br\/transparencia\/decretos\/decreto-municipal-no-111-de-18-de-agosto-de-2020-dispoe-sobre-a-3a-fase-de-flexibilizacao-das-atividades-comerciais-no-municipio-e-prorrogacao-das-medidas-restritivas-e-de-isolamento-social\/","title":{"rendered":"DECRETO MUNICIPAL N\u00ba 111, DE 18 DE AGOSTO DE 2020. \u201cDISP\u00d5E SOBRE A 3\u00aa FASE DE FLEXIBILIZA\u00c7\u00c3O DAS ATIVIDADES COMERCIAIS NO MUNIC\u00cdPIO E PRORROGA\u00c7\u00c3O DAS MEDIDAS RESTRITIVAS E DE ISOLAMENTO SOCIAL QUE TRATA DA COVID-19 NOS DECRETOS MUNICIPAIS N\u00baS 96 ;98 99 e 103\/2020; E DAS OUTRAS PROVIDENCIAS.\u201d"},"content":{"rendered":"","protected":false},"excerpt":{"rendered":"","protected":false},"author":2,"featured_media":0,"comment_status":"open","ping_status":"closed","sticky":false,"template":"","format":"standard","meta":{"_acf_changed":false,"footnotes":""},"categories":[3,13],"tags":[],"mes":[31],"ano":[36],"secretarias":[],"class_list":["post-3134","post","type-post","status-publish","format-standard","hentry","category-decretos","category-informativoscombateaocovid19","mes-agosto","ano-36"],"acf":{"documento":"https:\/\/saobernardo.ma.gov.br\/transparencia\/wp-content\/uploads\/2020\/08\/DECRETO-MUNICIPAL-N\u00ba-111-DE-18-DE-AGOSTO-DE-2020.pdf","link_csv":""},"_links":{"self":[{"href":"https:\/\/saobernardo.ma.gov.br\/transparencia\/wp-json\/wp\/v2\/posts\/3134","targetHints":{"allow":["GET"]}}],"collection":[{"href":"https:\/\/saobernardo.ma.gov.br\/transparencia\/wp-json\/wp\/v2\/posts"}],"about":[{"href":"https:\/\/saobernardo.ma.gov.br\/transparencia\/wp-json\/wp\/v2\/types\/post"}],"author":[{"embeddable":true,"href":"https:\/\/saobernardo.ma.gov.br\/transparencia\/wp-json\/wp\/v2\/users\/2"}],"replies":[{"embeddable":true,"href":"https:\/\/saobernardo.ma.gov.br\/transparencia\/wp-json\/wp\/v2\/comments?post=3134"}],"version-history":[{"count":1,"href":"https:\/\/saobernardo.ma.gov.br\/transparencia\/wp-json\/wp\/v2\/posts\/3134\/revisions"}],"predecessor-version":[{"id":3136,"href":"https:\/\/saobernardo.ma.gov.br\/transparencia\/wp-json\/wp\/v2\/posts\/3134\/revisions\/3136"}],"wp:attachment":[{"href":"https:\/\/saobernardo.ma.gov.br\/transparencia\/wp-json\/wp\/v2\/media?parent=3134"}],"wp:term":[{"taxonomy":"category","embeddable":true,"href":"https:\/\/saobernardo.ma.gov.br\/transparencia\/wp-json\/wp\/v2\/categories?post=3134"},{"taxonomy":"post_tag","embeddable":true,"href":"https:\/\/saobernardo.ma.gov.br\/transparencia\/wp-json\/wp\/v2\/tags?post=3134"},{"taxonomy":"mes","embeddable":true,"href":"https:\/\/saobernardo.ma.gov.br\/transparencia\/wp-json\/wp\/v2\/mes?post=3134"},{"taxonomy":"ano","embeddable":true,"href":"https:\/\/saobernardo.ma.gov.br\/transparencia\/wp-json\/wp\/v2\/ano?post=3134"},{"taxonomy":"secretarias","embeddable":true,"href":"https:\/\/saobernardo.ma.gov.br\/transparencia\/wp-json\/wp\/v2\/secretarias?post=3134"}],"curies":[{"name":"wp","href":"https:\/\/api.w.org\/{rel}","templated":true}]}}