 {"id":3179,"date":"2020-09-15T15:14:30","date_gmt":"2020-09-15T18:14:30","guid":{"rendered":"http:\/\/saobernardo.ma.gov.br\/transparencia\/?p=3179"},"modified":"2023-06-13T16:12:19","modified_gmt":"2023-06-13T19:12:19","slug":"decreto-municipal-no-115-de-15-de-setembro-de-2020-dispoe-sobre-a-4a-fase-de-flexibilizacao-das-atividades-comerciais-e-sociais-no-municipio-e-prorrogacao-das-medidas-restritivas-e-de-isola","status":"publish","type":"post","link":"https:\/\/saobernardo.ma.gov.br\/transparencia\/decretos\/decreto-municipal-no-115-de-15-de-setembro-de-2020-dispoe-sobre-a-4a-fase-de-flexibilizacao-das-atividades-comerciais-e-sociais-no-municipio-e-prorrogacao-das-medidas-restritivas-e-de-isola\/","title":{"rendered":"DECRETO MUNICIPAL N\u00ba 115, DE 15 DE SETEMBRO DE 2020. \u201cDISP\u00d5E SOBRE A 4\u00aa FASE DE FLEXIBILIZA\u00c7\u00c3O DAS ATIVIDADES COMERCIAIS E SOCIAIS NO MUNIC\u00cdPIO E PRORROGA\u00c7\u00c3O DAS MEDIDAS RESTRITIVAS E DE ISOLAMENTO SOCIAL QUE TRATA DA CONVID-19 NOS DECRETOS MUNICIPAIS N\u00baS 96 ;98 99 e 103\/2020; E DAS OUTRAS PROVIDENCIAS.\u201d"},"content":{"rendered":"","protected":false},"excerpt":{"rendered":"","protected":false},"author":2,"featured_media":0,"comment_status":"open","ping_status":"closed","sticky":false,"template":"","format":"standard","meta":{"_acf_changed":false,"footnotes":""},"categories":[3,13],"tags":[],"mes":[32],"ano":[36],"secretarias":[],"class_list":["post-3179","post","type-post","status-publish","format-standard","hentry","category-decretos","category-informativoscombateaocovid19","mes-setembro","ano-36"],"acf":{"documento":"https:\/\/saobernardo.ma.gov.br\/transparencia\/wp-content\/uploads\/2020\/09\/DECRETO-MUNICIPAL-N\u00ba-115-DE-15-DE-SETEMBRO-DE-2020.pdf","link_csv":""},"_links":{"self":[{"href":"https:\/\/saobernardo.ma.gov.br\/transparencia\/wp-json\/wp\/v2\/posts\/3179","targetHints":{"allow":["GET"]}}],"collection":[{"href":"https:\/\/saobernardo.ma.gov.br\/transparencia\/wp-json\/wp\/v2\/posts"}],"about":[{"href":"https:\/\/saobernardo.ma.gov.br\/transparencia\/wp-json\/wp\/v2\/types\/post"}],"author":[{"embeddable":true,"href":"https:\/\/saobernardo.ma.gov.br\/transparencia\/wp-json\/wp\/v2\/users\/2"}],"replies":[{"embeddable":true,"href":"https:\/\/saobernardo.ma.gov.br\/transparencia\/wp-json\/wp\/v2\/comments?post=3179"}],"version-history":[{"count":1,"href":"https:\/\/saobernardo.ma.gov.br\/transparencia\/wp-json\/wp\/v2\/posts\/3179\/revisions"}],"predecessor-version":[{"id":3181,"href":"https:\/\/saobernardo.ma.gov.br\/transparencia\/wp-json\/wp\/v2\/posts\/3179\/revisions\/3181"}],"wp:attachment":[{"href":"https:\/\/saobernardo.ma.gov.br\/transparencia\/wp-json\/wp\/v2\/media?parent=3179"}],"wp:term":[{"taxonomy":"category","embeddable":true,"href":"https:\/\/saobernardo.ma.gov.br\/transparencia\/wp-json\/wp\/v2\/categories?post=3179"},{"taxonomy":"post_tag","embeddable":true,"href":"https:\/\/saobernardo.ma.gov.br\/transparencia\/wp-json\/wp\/v2\/tags?post=3179"},{"taxonomy":"mes","embeddable":true,"href":"https:\/\/saobernardo.ma.gov.br\/transparencia\/wp-json\/wp\/v2\/mes?post=3179"},{"taxonomy":"ano","embeddable":true,"href":"https:\/\/saobernardo.ma.gov.br\/transparencia\/wp-json\/wp\/v2\/ano?post=3179"},{"taxonomy":"secretarias","embeddable":true,"href":"https:\/\/saobernardo.ma.gov.br\/transparencia\/wp-json\/wp\/v2\/secretarias?post=3179"}],"curies":[{"name":"wp","href":"https:\/\/api.w.org\/{rel}","templated":true}]}}