 {"id":3207,"date":"2020-09-23T17:31:41","date_gmt":"2020-09-23T20:31:41","guid":{"rendered":"http:\/\/saobernardo.ma.gov.br\/transparencia\/?p=3207"},"modified":"2023-06-21T16:29:32","modified_gmt":"2023-06-21T19:29:32","slug":"portaria-no-526-de-23-de-setembro-de-2020-dispoe-sobre-a-exoneracao-do-cargo-em-comissao-de-diretora-adjunta-da-escola-municipal-conego-nestor-de-carvalho-cunha-da-secretaria-municipal-de","status":"publish","type":"post","link":"https:\/\/saobernardo.ma.gov.br\/transparencia\/portarias\/portaria-no-526-de-23-de-setembro-de-2020-dispoe-sobre-a-exoneracao-do-cargo-em-comissao-de-diretora-adjunta-da-escola-municipal-conego-nestor-de-carvalho-cunha-da-secretaria-municipal-de\/","title":{"rendered":"PORTARIA N\u00ba 526, DE 23 DE SETEMBRO DE 2020. \u201cDISP\u00d5E SOBRE A EXONERA\u00c7\u00c3O DO CARGO EM COMISS\u00c3O DE DIRETORA ADJUNTA DA ESCOLA MUNICIPAL C\u00d4NEGO NESTOR DE CARVALHO CUNHA, DA SECRETARIA MUNICIPAL DE EDUCA\u00c7\u00c3O SEMECTI &#8211; \u00d3RG\u00c3O DE EXECU\u00c7\u00c3O INSTRUMENTAL E ATUA\u00c7\u00c3O PROGRAM\u00c1TICA DO PODER EXECUTIVO MUNICIPAL E D\u00c1 OUTRAS PROVID\u00caNCIAS\u201d."},"content":{"rendered":"","protected":false},"excerpt":{"rendered":"","protected":false},"author":2,"featured_media":0,"comment_status":"open","ping_status":"closed","sticky":false,"template":"","format":"standard","meta":{"_acf_changed":false,"footnotes":""},"categories":[4],"tags":[],"mes":[32],"ano":[36],"secretarias":[],"class_list":["post-3207","post","type-post","status-publish","format-standard","hentry","category-portarias","mes-setembro","ano-36"],"acf":{"documento":"https:\/\/saobernardo.ma.gov.br\/transparencia\/wp-content\/uploads\/2020\/09\/PORTARIA-No-526-DE-23-DE-SETEMBRO-DE-2020.pdf","link_csv":""},"_links":{"self":[{"href":"https:\/\/saobernardo.ma.gov.br\/transparencia\/wp-json\/wp\/v2\/posts\/3207","targetHints":{"allow":["GET"]}}],"collection":[{"href":"https:\/\/saobernardo.ma.gov.br\/transparencia\/wp-json\/wp\/v2\/posts"}],"about":[{"href":"https:\/\/saobernardo.ma.gov.br\/transparencia\/wp-json\/wp\/v2\/types\/post"}],"author":[{"embeddable":true,"href":"https:\/\/saobernardo.ma.gov.br\/transparencia\/wp-json\/wp\/v2\/users\/2"}],"replies":[{"embeddable":true,"href":"https:\/\/saobernardo.ma.gov.br\/transparencia\/wp-json\/wp\/v2\/comments?post=3207"}],"version-history":[{"count":2,"href":"https:\/\/saobernardo.ma.gov.br\/transparencia\/wp-json\/wp\/v2\/posts\/3207\/revisions"}],"predecessor-version":[{"id":3211,"href":"https:\/\/saobernardo.ma.gov.br\/transparencia\/wp-json\/wp\/v2\/posts\/3207\/revisions\/3211"}],"wp:attachment":[{"href":"https:\/\/saobernardo.ma.gov.br\/transparencia\/wp-json\/wp\/v2\/media?parent=3207"}],"wp:term":[{"taxonomy":"category","embeddable":true,"href":"https:\/\/saobernardo.ma.gov.br\/transparencia\/wp-json\/wp\/v2\/categories?post=3207"},{"taxonomy":"post_tag","embeddable":true,"href":"https:\/\/saobernardo.ma.gov.br\/transparencia\/wp-json\/wp\/v2\/tags?post=3207"},{"taxonomy":"mes","embeddable":true,"href":"https:\/\/saobernardo.ma.gov.br\/transparencia\/wp-json\/wp\/v2\/mes?post=3207"},{"taxonomy":"ano","embeddable":true,"href":"https:\/\/saobernardo.ma.gov.br\/transparencia\/wp-json\/wp\/v2\/ano?post=3207"},{"taxonomy":"secretarias","embeddable":true,"href":"https:\/\/saobernardo.ma.gov.br\/transparencia\/wp-json\/wp\/v2\/secretarias?post=3207"}],"curies":[{"name":"wp","href":"https:\/\/api.w.org\/{rel}","templated":true}]}}