 {"id":4911,"date":"2021-01-04T19:47:44","date_gmt":"2021-01-04T22:47:44","guid":{"rendered":"http:\/\/saobernardo.ma.gov.br\/transparencia\/?p=4911"},"modified":"2023-06-13T16:53:18","modified_gmt":"2023-06-13T19:53:18","slug":"comunicado-de-ordem-do-sr-prefeito-municipal-dr-joao-igor-vieira-carvalho-fica-prorrogado-ate-o-dia-08-01-2021-sexta-feira-o-recesso-do-funcionalismo-publico-municipal-devendo-a-chefia-imediata","status":"publish","type":"post","link":"https:\/\/saobernardo.ma.gov.br\/transparencia\/decretos\/comunicado-de-ordem-do-sr-prefeito-municipal-dr-joao-igor-vieira-carvalho-fica-prorrogado-ate-o-dia-08-01-2021-sexta-feira-o-recesso-do-funcionalismo-publico-municipal-devendo-a-chefia-imediata\/","title":{"rendered":"COMUNICADO DE ORDEM DO SR. PREFEITO MUNICIPAL, DR. JO\u00c3O IGOR VIEIRA CARVALHO, FICA PRORROGADO AT\u00c9 O DIA 08\/01\/2021, SEXTA FEIRA, O RECESSO DO FUNCIONALISMO P\u00daBLICO MUNICIPAL, DEVENDO A CHEFIA IMEDIATA ORGANIZAR SEUS SUBORDINADOS, A FIM DE QUE N\u00c3O CAUSE INTERRUP\u00c7\u00c3O DOS SERVI\u00c7OS P\u00daBLICOS."},"content":{"rendered":"","protected":false},"excerpt":{"rendered":"","protected":false},"author":2,"featured_media":0,"comment_status":"open","ping_status":"closed","sticky":false,"template":"","format":"standard","meta":{"_acf_changed":false,"footnotes":""},"categories":[3],"tags":[],"mes":[24],"ano":[23],"secretarias":[],"class_list":["post-4911","post","type-post","status-publish","format-standard","hentry","category-decretos","mes-janeiro","ano-23"],"acf":{"documento":"https:\/\/saobernardo.ma.gov.br\/transparencia\/wp-content\/uploads\/2021\/01\/PRORROGACAO-RECESSO.pdf","link_csv":""},"_links":{"self":[{"href":"https:\/\/saobernardo.ma.gov.br\/transparencia\/wp-json\/wp\/v2\/posts\/4911","targetHints":{"allow":["GET"]}}],"collection":[{"href":"https:\/\/saobernardo.ma.gov.br\/transparencia\/wp-json\/wp\/v2\/posts"}],"about":[{"href":"https:\/\/saobernardo.ma.gov.br\/transparencia\/wp-json\/wp\/v2\/types\/post"}],"author":[{"embeddable":true,"href":"https:\/\/saobernardo.ma.gov.br\/transparencia\/wp-json\/wp\/v2\/users\/2"}],"replies":[{"embeddable":true,"href":"https:\/\/saobernardo.ma.gov.br\/transparencia\/wp-json\/wp\/v2\/comments?post=4911"}],"version-history":[{"count":1,"href":"https:\/\/saobernardo.ma.gov.br\/transparencia\/wp-json\/wp\/v2\/posts\/4911\/revisions"}],"predecessor-version":[{"id":4913,"href":"https:\/\/saobernardo.ma.gov.br\/transparencia\/wp-json\/wp\/v2\/posts\/4911\/revisions\/4913"}],"wp:attachment":[{"href":"https:\/\/saobernardo.ma.gov.br\/transparencia\/wp-json\/wp\/v2\/media?parent=4911"}],"wp:term":[{"taxonomy":"category","embeddable":true,"href":"https:\/\/saobernardo.ma.gov.br\/transparencia\/wp-json\/wp\/v2\/categories?post=4911"},{"taxonomy":"post_tag","embeddable":true,"href":"https:\/\/saobernardo.ma.gov.br\/transparencia\/wp-json\/wp\/v2\/tags?post=4911"},{"taxonomy":"mes","embeddable":true,"href":"https:\/\/saobernardo.ma.gov.br\/transparencia\/wp-json\/wp\/v2\/mes?post=4911"},{"taxonomy":"ano","embeddable":true,"href":"https:\/\/saobernardo.ma.gov.br\/transparencia\/wp-json\/wp\/v2\/ano?post=4911"},{"taxonomy":"secretarias","embeddable":true,"href":"https:\/\/saobernardo.ma.gov.br\/transparencia\/wp-json\/wp\/v2\/secretarias?post=4911"}],"curies":[{"name":"wp","href":"https:\/\/api.w.org\/{rel}","templated":true}]}}