 {"id":515,"date":"2018-02-19T11:52:17","date_gmt":"2018-02-19T14:52:17","guid":{"rendered":"http:\/\/saobernardo.ma.gov.br\/gestaopublica\/?p=515"},"modified":"2023-06-22T09:13:45","modified_gmt":"2023-06-22T12:13:45","slug":"portaria-n-314-19-de-fevereiro-de-2018-exomeacao-do-cargo-em-nomeacao-da-comissao-de-diretor-geral-do-hospital-da-secretaria-municipal-de-saude","status":"publish","type":"post","link":"https:\/\/saobernardo.ma.gov.br\/transparencia\/portarias\/portaria-n-314-19-de-fevereiro-de-2018-exomeacao-do-cargo-em-nomeacao-da-comissao-de-diretor-geral-do-hospital-da-secretaria-municipal-de-saude\/","title":{"rendered":"PORTARIA N\u00b0 203, 03 DE MAIO DE 2018 EXOMEA\u00c7\u00c3O DO CARGO EM NOMEA\u00c7\u00c3O DA COMISS\u00c3O DE DIRETOR GERAL DO HOSPITAL DA SECRETARIA MUNICIPAL DE SA\u00daDE."},"content":{"rendered":"<p><a <a href=\"http:\/\/saobernardo.ma.gov.br\/transparencia\/wp-content\/uploads\/2018\/02\/PORTARIA-N\u00b0-203-03-DE-MAIO-DE-2018-EXOMEA\u00c7\u00c3O-DO-CARGO-EM-NOMEA\u00c7\u00c3O-DA-COMISS\u00c3O-DE-DIRETOR-GERAL-DO-HOSPITAL-DA-SECRETARIA-MUNICIPAL-DE-SA\u00daDE.jpg\" target=\"_blank\">download\u00a0<\/a><\/p>\n","protected":false},"excerpt":{"rendered":"","protected":false},"author":2,"featured_media":0,"comment_status":"open","ping_status":"closed","sticky":false,"template":"","format":"standard","meta":{"_acf_changed":false,"footnotes":""},"categories":[4],"tags":[],"mes":[25],"ano":[38],"secretarias":[],"class_list":["post-515","post","type-post","status-publish","format-standard","hentry","category-portarias","mes-fevereiro","ano-38"],"acf":{"link_csv":"http:\/\/saobernardo.ma.gov.br\/transparencia\/wp-content\/uploads\/2018\/03\/PORTARIA-N\u00b0-314-19-DE-FEVEREIRO-DE-2018-EXOMEA\u00c7\u00c3O-DO-CARGO-EM-NOMEA\u00c7\u00c3O-DA-COMISS\u00c3O-DE-DIRETOR-GERAL-DO-HOSPITAL-DA-SECRETARIA-MUNICIPAL-DE-SA\u00daDE..jpg"},"_links":{"self":[{"href":"https:\/\/saobernardo.ma.gov.br\/transparencia\/wp-json\/wp\/v2\/posts\/515","targetHints":{"allow":["GET"]}}],"collection":[{"href":"https:\/\/saobernardo.ma.gov.br\/transparencia\/wp-json\/wp\/v2\/posts"}],"about":[{"href":"https:\/\/saobernardo.ma.gov.br\/transparencia\/wp-json\/wp\/v2\/types\/post"}],"author":[{"embeddable":true,"href":"https:\/\/saobernardo.ma.gov.br\/transparencia\/wp-json\/wp\/v2\/users\/2"}],"replies":[{"embeddable":true,"href":"https:\/\/saobernardo.ma.gov.br\/transparencia\/wp-json\/wp\/v2\/comments?post=515"}],"version-history":[{"count":3,"href":"https:\/\/saobernardo.ma.gov.br\/transparencia\/wp-json\/wp\/v2\/posts\/515\/revisions"}],"predecessor-version":[{"id":536,"href":"https:\/\/saobernardo.ma.gov.br\/transparencia\/wp-json\/wp\/v2\/posts\/515\/revisions\/536"}],"wp:attachment":[{"href":"https:\/\/saobernardo.ma.gov.br\/transparencia\/wp-json\/wp\/v2\/media?parent=515"}],"wp:term":[{"taxonomy":"category","embeddable":true,"href":"https:\/\/saobernardo.ma.gov.br\/transparencia\/wp-json\/wp\/v2\/categories?post=515"},{"taxonomy":"post_tag","embeddable":true,"href":"https:\/\/saobernardo.ma.gov.br\/transparencia\/wp-json\/wp\/v2\/tags?post=515"},{"taxonomy":"mes","embeddable":true,"href":"https:\/\/saobernardo.ma.gov.br\/transparencia\/wp-json\/wp\/v2\/mes?post=515"},{"taxonomy":"ano","embeddable":true,"href":"https:\/\/saobernardo.ma.gov.br\/transparencia\/wp-json\/wp\/v2\/ano?post=515"},{"taxonomy":"secretarias","embeddable":true,"href":"https:\/\/saobernardo.ma.gov.br\/transparencia\/wp-json\/wp\/v2\/secretarias?post=515"}],"curies":[{"name":"wp","href":"https:\/\/api.w.org\/{rel}","templated":true}]}}