 {"id":532,"date":"2018-03-08T10:37:23","date_gmt":"2018-03-08T13:37:23","guid":{"rendered":"http:\/\/saobernardo.ma.gov.br\/gestaopublica\/?p=532"},"modified":"2023-06-13T16:43:39","modified_gmt":"2023-06-13T19:43:39","slug":"portaria-n-317-08-de-marco-de-2018-nomeacao-do-cargo-de-secretario-municipal-de-comunicacao-e-cultura","status":"publish","type":"post","link":"https:\/\/saobernardo.ma.gov.br\/transparencia\/portarias\/portaria-n-317-08-de-marco-de-2018-nomeacao-do-cargo-de-secretario-municipal-de-comunicacao-e-cultura\/","title":{"rendered":"Portaria N\u00b0 317, 08 DE MAR\u00c7O DE 2018 &#8211; NOMEA\u00c7\u00c3O DO CARGO DE SECRETARIO MUNICIPAL  DE COMUNICA\u00c7\u00c3O E CULTURA"},"content":{"rendered":"<p><a <a href=\"http:\/\/saobernardo.ma.gov.br\/transparencia\/wp-content\/uploads\/2018\/03\/Portaria-N\u00b0-317-08-DE-MAR\u00c7O-DE-2018-NOMEA\u00c7\u00c3O-DO-CARGO-DE-SECRETARIO-MUNICIPAL-DE-COMUNICA\u00c7\u00c3O-E-CULTURA-e1521640637386.jpg\" target=\"_blank\">DOWNLOAD\u00a0<\/a><\/p>\n","protected":false},"excerpt":{"rendered":"","protected":false},"author":2,"featured_media":0,"comment_status":"open","ping_status":"closed","sticky":false,"template":"","format":"standard","meta":{"_acf_changed":false,"footnotes":""},"categories":[4],"tags":[],"mes":[26],"ano":[38],"secretarias":[],"class_list":["post-532","post","type-post","status-publish","format-standard","hentry","category-portarias","mes-marco","ano-38"],"acf":{"link_csv":"http:\/\/saobernardo.ma.gov.br\/transparencia\/wp-content\/uploads\/2018\/03\/Portaria-N\u00b0-317-08-DE-MAR\u00c7O-DE-2018-NOMEA\u00c7\u00c3O-DO-CARGO-DE-SECRETARIO-MUNICIPAL-DE-COMUNICA\u00c7\u00c3O-E-CULTURA-e1521640637386.jpg"},"_links":{"self":[{"href":"https:\/\/saobernardo.ma.gov.br\/transparencia\/wp-json\/wp\/v2\/posts\/532","targetHints":{"allow":["GET"]}}],"collection":[{"href":"https:\/\/saobernardo.ma.gov.br\/transparencia\/wp-json\/wp\/v2\/posts"}],"about":[{"href":"https:\/\/saobernardo.ma.gov.br\/transparencia\/wp-json\/wp\/v2\/types\/post"}],"author":[{"embeddable":true,"href":"https:\/\/saobernardo.ma.gov.br\/transparencia\/wp-json\/wp\/v2\/users\/2"}],"replies":[{"embeddable":true,"href":"https:\/\/saobernardo.ma.gov.br\/transparencia\/wp-json\/wp\/v2\/comments?post=532"}],"version-history":[{"count":1,"href":"https:\/\/saobernardo.ma.gov.br\/transparencia\/wp-json\/wp\/v2\/posts\/532\/revisions"}],"predecessor-version":[{"id":538,"href":"https:\/\/saobernardo.ma.gov.br\/transparencia\/wp-json\/wp\/v2\/posts\/532\/revisions\/538"}],"wp:attachment":[{"href":"https:\/\/saobernardo.ma.gov.br\/transparencia\/wp-json\/wp\/v2\/media?parent=532"}],"wp:term":[{"taxonomy":"category","embeddable":true,"href":"https:\/\/saobernardo.ma.gov.br\/transparencia\/wp-json\/wp\/v2\/categories?post=532"},{"taxonomy":"post_tag","embeddable":true,"href":"https:\/\/saobernardo.ma.gov.br\/transparencia\/wp-json\/wp\/v2\/tags?post=532"},{"taxonomy":"mes","embeddable":true,"href":"https:\/\/saobernardo.ma.gov.br\/transparencia\/wp-json\/wp\/v2\/mes?post=532"},{"taxonomy":"ano","embeddable":true,"href":"https:\/\/saobernardo.ma.gov.br\/transparencia\/wp-json\/wp\/v2\/ano?post=532"},{"taxonomy":"secretarias","embeddable":true,"href":"https:\/\/saobernardo.ma.gov.br\/transparencia\/wp-json\/wp\/v2\/secretarias?post=532"}],"curies":[{"name":"wp","href":"https:\/\/api.w.org\/{rel}","templated":true}]}}