 {"id":5466,"date":"2021-02-18T16:27:58","date_gmt":"2021-02-18T19:27:58","guid":{"rendered":"http:\/\/saobernardo.ma.gov.br\/transparencia\/?p=5466"},"modified":"2023-06-21T15:11:48","modified_gmt":"2023-06-21T18:11:48","slug":"portaria-no-546-2021-dispoe-sobre-a-nomeacao-do-cargo-em-comissao-de-chefe-do-departamento-do-diario-oficial-do-municipio-da-estrutura-organizacional-do-poder-executivo-e-da-outras-providencias-res","status":"publish","type":"post","link":"https:\/\/saobernardo.ma.gov.br\/transparencia\/portarias\/portaria-no-546-2021-dispoe-sobre-a-nomeacao-do-cargo-em-comissao-de-chefe-do-departamento-do-diario-oficial-do-municipio-da-estrutura-organizacional-do-poder-executivo-e-da-outras-providencias-res\/","title":{"rendered":"PORTARIA N\u00ba 546\/2021 &#8211; DISP\u00d5E SOBRE A NOMEA\u00c7\u00c3O DO CARGO EM COMISS\u00c3O DE CHEFE DO DEPARTAMENTO DO DI\u00c1RIO OFICIAL DO MUNIC\u00cdPIO DA ESTRUTURA ORGANIZACIONAL DO PODER EXECUTIVO E D\u00c1 OUTRAS PROVID\u00caNCIAS. RESOLVE: Art. 1\u00ba &#8211; NOMEAR para o Cargo em Comiss\u00e3o, de Chefe do Departamento do di\u00e1rio Oficial do Munic\u00edpio DAI da estrutura organizacional a Sra. VALDEANE PESSOA DOS SANTOS"},"content":{"rendered":"","protected":false},"excerpt":{"rendered":"","protected":false},"author":8,"featured_media":0,"comment_status":"open","ping_status":"closed","sticky":false,"template":"","format":"standard","meta":{"_acf_changed":false,"footnotes":""},"categories":[4],"tags":[],"mes":[25],"ano":[23],"secretarias":[],"class_list":["post-5466","post","type-post","status-publish","format-standard","hentry","category-portarias","mes-fevereiro","ano-23"],"acf":{"documento":"https:\/\/saobernardo.ma.gov.br\/transparencia\/wp-content\/uploads\/2021\/02\/PORTARIA-No-546-2021.pdf","link_csv":"","situacao_da_portaria":"REVOGADA"},"_links":{"self":[{"href":"https:\/\/saobernardo.ma.gov.br\/transparencia\/wp-json\/wp\/v2\/posts\/5466","targetHints":{"allow":["GET"]}}],"collection":[{"href":"https:\/\/saobernardo.ma.gov.br\/transparencia\/wp-json\/wp\/v2\/posts"}],"about":[{"href":"https:\/\/saobernardo.ma.gov.br\/transparencia\/wp-json\/wp\/v2\/types\/post"}],"author":[{"embeddable":true,"href":"https:\/\/saobernardo.ma.gov.br\/transparencia\/wp-json\/wp\/v2\/users\/8"}],"replies":[{"embeddable":true,"href":"https:\/\/saobernardo.ma.gov.br\/transparencia\/wp-json\/wp\/v2\/comments?post=5466"}],"version-history":[{"count":2,"href":"https:\/\/saobernardo.ma.gov.br\/transparencia\/wp-json\/wp\/v2\/posts\/5466\/revisions"}],"predecessor-version":[{"id":10620,"href":"https:\/\/saobernardo.ma.gov.br\/transparencia\/wp-json\/wp\/v2\/posts\/5466\/revisions\/10620"}],"wp:attachment":[{"href":"https:\/\/saobernardo.ma.gov.br\/transparencia\/wp-json\/wp\/v2\/media?parent=5466"}],"wp:term":[{"taxonomy":"category","embeddable":true,"href":"https:\/\/saobernardo.ma.gov.br\/transparencia\/wp-json\/wp\/v2\/categories?post=5466"},{"taxonomy":"post_tag","embeddable":true,"href":"https:\/\/saobernardo.ma.gov.br\/transparencia\/wp-json\/wp\/v2\/tags?post=5466"},{"taxonomy":"mes","embeddable":true,"href":"https:\/\/saobernardo.ma.gov.br\/transparencia\/wp-json\/wp\/v2\/mes?post=5466"},{"taxonomy":"ano","embeddable":true,"href":"https:\/\/saobernardo.ma.gov.br\/transparencia\/wp-json\/wp\/v2\/ano?post=5466"},{"taxonomy":"secretarias","embeddable":true,"href":"https:\/\/saobernardo.ma.gov.br\/transparencia\/wp-json\/wp\/v2\/secretarias?post=5466"}],"curies":[{"name":"wp","href":"https:\/\/api.w.org\/{rel}","templated":true}]}}