 {"id":5469,"date":"2021-02-18T16:30:20","date_gmt":"2021-02-18T19:30:20","guid":{"rendered":"http:\/\/saobernardo.ma.gov.br\/transparencia\/?p=5469"},"modified":"2023-06-21T15:11:48","modified_gmt":"2023-06-21T18:11:48","slug":"portaria-no-547-2021-dispoe-sobre-a-nomeacao-do-cargo-em-comissao-de-chefe-do-departamento-de-regularizacao-territorial-municipal-da-estrutura-organizacional-do-poder-executivo-e-da-outras-providenc","status":"publish","type":"post","link":"https:\/\/saobernardo.ma.gov.br\/transparencia\/portarias\/portaria-no-547-2021-dispoe-sobre-a-nomeacao-do-cargo-em-comissao-de-chefe-do-departamento-de-regularizacao-territorial-municipal-da-estrutura-organizacional-do-poder-executivo-e-da-outras-providenc\/","title":{"rendered":"PORTARIA N\u00ba 547\/2021 &#8211; DISP\u00d5E SOBRE A NOMEA\u00c7\u00c3O DO CARGO EM COMISS\u00c3O DE CHEFE DO DEPARTAMENTO DE REGULARIZA\u00c7\u00c3O TERRITORIAL MUNICIPAL DA ESTRUTURA ORGANIZACIONAL DO PODER EXECUTIVO E D\u00c1 OUTRAS PROVID\u00caNCIAS. RESOLVE: NOMEAR para o Cargo em Comiss\u00e3o de CHEFE DO DEPARTAMENTO DE REGULARIZA\u00c7\u00c3O TERRITORIAL \u2013 DAI, da Secretaria Municipal de Administra\u00e7\u00e3o, o Servidor efetivo BERNARDO EDSON CORREIA LIMA ARAUJO JUNIOR"},"content":{"rendered":"","protected":false},"excerpt":{"rendered":"","protected":false},"author":8,"featured_media":0,"comment_status":"open","ping_status":"closed","sticky":false,"template":"","format":"standard","meta":{"_acf_changed":false,"footnotes":""},"categories":[4],"tags":[],"mes":[25],"ano":[23],"secretarias":[],"class_list":["post-5469","post","type-post","status-publish","format-standard","hentry","category-portarias","mes-fevereiro","ano-23"],"acf":{"documento":"https:\/\/saobernardo.ma.gov.br\/transparencia\/wp-content\/uploads\/2021\/02\/PORTARIA-No-547-2021.pdf","link_csv":"","situacao_da_portaria":"REVOGADA"},"_links":{"self":[{"href":"https:\/\/saobernardo.ma.gov.br\/transparencia\/wp-json\/wp\/v2\/posts\/5469","targetHints":{"allow":["GET"]}}],"collection":[{"href":"https:\/\/saobernardo.ma.gov.br\/transparencia\/wp-json\/wp\/v2\/posts"}],"about":[{"href":"https:\/\/saobernardo.ma.gov.br\/transparencia\/wp-json\/wp\/v2\/types\/post"}],"author":[{"embeddable":true,"href":"https:\/\/saobernardo.ma.gov.br\/transparencia\/wp-json\/wp\/v2\/users\/8"}],"replies":[{"embeddable":true,"href":"https:\/\/saobernardo.ma.gov.br\/transparencia\/wp-json\/wp\/v2\/comments?post=5469"}],"version-history":[{"count":3,"href":"https:\/\/saobernardo.ma.gov.br\/transparencia\/wp-json\/wp\/v2\/posts\/5469\/revisions"}],"predecessor-version":[{"id":10619,"href":"https:\/\/saobernardo.ma.gov.br\/transparencia\/wp-json\/wp\/v2\/posts\/5469\/revisions\/10619"}],"wp:attachment":[{"href":"https:\/\/saobernardo.ma.gov.br\/transparencia\/wp-json\/wp\/v2\/media?parent=5469"}],"wp:term":[{"taxonomy":"category","embeddable":true,"href":"https:\/\/saobernardo.ma.gov.br\/transparencia\/wp-json\/wp\/v2\/categories?post=5469"},{"taxonomy":"post_tag","embeddable":true,"href":"https:\/\/saobernardo.ma.gov.br\/transparencia\/wp-json\/wp\/v2\/tags?post=5469"},{"taxonomy":"mes","embeddable":true,"href":"https:\/\/saobernardo.ma.gov.br\/transparencia\/wp-json\/wp\/v2\/mes?post=5469"},{"taxonomy":"ano","embeddable":true,"href":"https:\/\/saobernardo.ma.gov.br\/transparencia\/wp-json\/wp\/v2\/ano?post=5469"},{"taxonomy":"secretarias","embeddable":true,"href":"https:\/\/saobernardo.ma.gov.br\/transparencia\/wp-json\/wp\/v2\/secretarias?post=5469"}],"curies":[{"name":"wp","href":"https:\/\/api.w.org\/{rel}","templated":true}]}}