 {"id":5496,"date":"2021-02-25T11:28:32","date_gmt":"2021-02-25T14:28:32","guid":{"rendered":"http:\/\/saobernardo.ma.gov.br\/transparencia\/?p=5496"},"modified":"2023-06-21T15:11:48","modified_gmt":"2023-06-21T18:11:48","slug":"portaria-no-551-2021-resolve-nomear-para-o-cargo-em-comissao-de-coordeanador-do-programa-bolsa-familia-dans-01-da-secretaria-municipal-de-assistencia-social-da-estrutura-organizacional-do-poder-e","status":"publish","type":"post","link":"https:\/\/saobernardo.ma.gov.br\/transparencia\/portarias\/portaria-no-551-2021-resolve-nomear-para-o-cargo-em-comissao-de-coordeanador-do-programa-bolsa-familia-dans-01-da-secretaria-municipal-de-assistencia-social-da-estrutura-organizacional-do-poder-e\/","title":{"rendered":"PORTARIA N\u00ba 551\/2021 &#8211; RESOLVE NOMEAR para o Cargo em Comiss\u00e3o de COORDEANADOR DO PROGRAMA BOLSA FAM\u00cdLIA &#8211; DANS 01, da Secretaria Municipal de Assist\u00eancia Social da Estrutura Organizacional do Poder Executivo o Sr. DANYLO DA SILVA LIMA"},"content":{"rendered":"","protected":false},"excerpt":{"rendered":"","protected":false},"author":8,"featured_media":0,"comment_status":"open","ping_status":"closed","sticky":false,"template":"","format":"standard","meta":{"_acf_changed":false,"footnotes":""},"categories":[4],"tags":[],"mes":[25],"ano":[23],"secretarias":[],"class_list":["post-5496","post","type-post","status-publish","format-standard","hentry","category-portarias","mes-fevereiro","ano-23"],"acf":{"documento":"https:\/\/saobernardo.ma.gov.br\/transparencia\/wp-content\/uploads\/2021\/02\/PORTARIA-551-2021.pdf","link_csv":"","situacao_da_portaria":"REVOGADA"},"_links":{"self":[{"href":"https:\/\/saobernardo.ma.gov.br\/transparencia\/wp-json\/wp\/v2\/posts\/5496","targetHints":{"allow":["GET"]}}],"collection":[{"href":"https:\/\/saobernardo.ma.gov.br\/transparencia\/wp-json\/wp\/v2\/posts"}],"about":[{"href":"https:\/\/saobernardo.ma.gov.br\/transparencia\/wp-json\/wp\/v2\/types\/post"}],"author":[{"embeddable":true,"href":"https:\/\/saobernardo.ma.gov.br\/transparencia\/wp-json\/wp\/v2\/users\/8"}],"replies":[{"embeddable":true,"href":"https:\/\/saobernardo.ma.gov.br\/transparencia\/wp-json\/wp\/v2\/comments?post=5496"}],"version-history":[{"count":2,"href":"https:\/\/saobernardo.ma.gov.br\/transparencia\/wp-json\/wp\/v2\/posts\/5496\/revisions"}],"predecessor-version":[{"id":10614,"href":"https:\/\/saobernardo.ma.gov.br\/transparencia\/wp-json\/wp\/v2\/posts\/5496\/revisions\/10614"}],"wp:attachment":[{"href":"https:\/\/saobernardo.ma.gov.br\/transparencia\/wp-json\/wp\/v2\/media?parent=5496"}],"wp:term":[{"taxonomy":"category","embeddable":true,"href":"https:\/\/saobernardo.ma.gov.br\/transparencia\/wp-json\/wp\/v2\/categories?post=5496"},{"taxonomy":"post_tag","embeddable":true,"href":"https:\/\/saobernardo.ma.gov.br\/transparencia\/wp-json\/wp\/v2\/tags?post=5496"},{"taxonomy":"mes","embeddable":true,"href":"https:\/\/saobernardo.ma.gov.br\/transparencia\/wp-json\/wp\/v2\/mes?post=5496"},{"taxonomy":"ano","embeddable":true,"href":"https:\/\/saobernardo.ma.gov.br\/transparencia\/wp-json\/wp\/v2\/ano?post=5496"},{"taxonomy":"secretarias","embeddable":true,"href":"https:\/\/saobernardo.ma.gov.br\/transparencia\/wp-json\/wp\/v2\/secretarias?post=5496"}],"curies":[{"name":"wp","href":"https:\/\/api.w.org\/{rel}","templated":true}]}}