 {"id":5723,"date":"2021-03-05T12:06:54","date_gmt":"2021-03-05T15:06:54","guid":{"rendered":"https:\/\/saobernardo.ma.gov.br\/transparencia\/?p=5723"},"modified":"2023-06-21T15:10:16","modified_gmt":"2023-06-21T18:10:16","slug":"portaria-no-558-2021-resolve-nomear-para-exercer-o-cargo-em-comissao-de-coordenador-de-gestao-e-fiscalizacao-ambiental-dans-o-senhor-edmilson-de-almeida-lima-junior","status":"publish","type":"post","link":"https:\/\/saobernardo.ma.gov.br\/transparencia\/portarias\/portaria-no-558-2021-resolve-nomear-para-exercer-o-cargo-em-comissao-de-coordenador-de-gestao-e-fiscalizacao-ambiental-dans-o-senhor-edmilson-de-almeida-lima-junior\/","title":{"rendered":"PORTARIA N\u00ba 558\/2021- RESOLVE NOMEAR para exercer o cargo em comiss\u00e3o de COORDENADOR DE GEST\u00c3O E FISCALIZA\u00c7\u00c3O AMBIENTAL &#8211; DANS o Senhor EDMILSON DE ALMEIDA LIMA JUNIOR"},"content":{"rendered":"","protected":false},"excerpt":{"rendered":"","protected":false},"author":6,"featured_media":0,"comment_status":"open","ping_status":"closed","sticky":false,"template":"","format":"standard","meta":{"_acf_changed":false,"footnotes":""},"categories":[4],"tags":[],"mes":[26],"ano":[23],"secretarias":[],"class_list":["post-5723","post","type-post","status-publish","format-standard","hentry","category-portarias","mes-marco","ano-23"],"acf":{"documento":"https:\/\/saobernardo.ma.gov.br\/transparencia\/wp-content\/uploads\/2021\/03\/PORTARIA-558-2021.pdf","link_csv":"","situacao_da_portaria":"REVOGADA"},"_links":{"self":[{"href":"https:\/\/saobernardo.ma.gov.br\/transparencia\/wp-json\/wp\/v2\/posts\/5723","targetHints":{"allow":["GET"]}}],"collection":[{"href":"https:\/\/saobernardo.ma.gov.br\/transparencia\/wp-json\/wp\/v2\/posts"}],"about":[{"href":"https:\/\/saobernardo.ma.gov.br\/transparencia\/wp-json\/wp\/v2\/types\/post"}],"author":[{"embeddable":true,"href":"https:\/\/saobernardo.ma.gov.br\/transparencia\/wp-json\/wp\/v2\/users\/6"}],"replies":[{"embeddable":true,"href":"https:\/\/saobernardo.ma.gov.br\/transparencia\/wp-json\/wp\/v2\/comments?post=5723"}],"version-history":[{"count":3,"href":"https:\/\/saobernardo.ma.gov.br\/transparencia\/wp-json\/wp\/v2\/posts\/5723\/revisions"}],"predecessor-version":[{"id":10605,"href":"https:\/\/saobernardo.ma.gov.br\/transparencia\/wp-json\/wp\/v2\/posts\/5723\/revisions\/10605"}],"wp:attachment":[{"href":"https:\/\/saobernardo.ma.gov.br\/transparencia\/wp-json\/wp\/v2\/media?parent=5723"}],"wp:term":[{"taxonomy":"category","embeddable":true,"href":"https:\/\/saobernardo.ma.gov.br\/transparencia\/wp-json\/wp\/v2\/categories?post=5723"},{"taxonomy":"post_tag","embeddable":true,"href":"https:\/\/saobernardo.ma.gov.br\/transparencia\/wp-json\/wp\/v2\/tags?post=5723"},{"taxonomy":"mes","embeddable":true,"href":"https:\/\/saobernardo.ma.gov.br\/transparencia\/wp-json\/wp\/v2\/mes?post=5723"},{"taxonomy":"ano","embeddable":true,"href":"https:\/\/saobernardo.ma.gov.br\/transparencia\/wp-json\/wp\/v2\/ano?post=5723"},{"taxonomy":"secretarias","embeddable":true,"href":"https:\/\/saobernardo.ma.gov.br\/transparencia\/wp-json\/wp\/v2\/secretarias?post=5723"}],"curies":[{"name":"wp","href":"https:\/\/api.w.org\/{rel}","templated":true}]}}