 {"id":5792,"date":"2021-03-12T12:53:58","date_gmt":"2021-03-12T15:53:58","guid":{"rendered":"https:\/\/saobernardo.ma.gov.br\/transparencia\/?p=5792"},"modified":"2023-06-21T15:09:07","modified_gmt":"2023-06-21T18:09:07","slug":"portaria-no-561-2021-resolve-nomear-para-exercer-o-cargo-em-comissao-de-coordenador-do-programa-de-vigilancia-ambiental-dai-01-na-secretaria-municipal-de-saude-semus-da-estrutura-organizacional","status":"publish","type":"post","link":"https:\/\/saobernardo.ma.gov.br\/transparencia\/portarias\/portaria-no-561-2021-resolve-nomear-para-exercer-o-cargo-em-comissao-de-coordenador-do-programa-de-vigilancia-ambiental-dai-01-na-secretaria-municipal-de-saude-semus-da-estrutura-organizacional\/","title":{"rendered":"PORTARIA N\u00ba 561\/2021- RESOLVE NOMEAR para exercer o Cargo em comiss\u00e3o de COORDENADOR DO PROGRAMA DE VIGIL\u00c2NCIA AMBIENTAL &#8211; DAI 01, na Secretaria Municipal de Sa\u00fade -SEMUS da Estrutura organizacional, o Senhor FRANKLIN NELSON SILVA CASTRO"},"content":{"rendered":"","protected":false},"excerpt":{"rendered":"","protected":false},"author":6,"featured_media":0,"comment_status":"open","ping_status":"closed","sticky":false,"template":"","format":"standard","meta":{"_acf_changed":false,"footnotes":""},"categories":[4],"tags":[],"mes":[26],"ano":[23],"secretarias":[],"class_list":["post-5792","post","type-post","status-publish","format-standard","hentry","category-portarias","mes-marco","ano-23"],"acf":{"documento":"https:\/\/saobernardo.ma.gov.br\/transparencia\/wp-content\/uploads\/2021\/03\/PORTARIA-561-2021.pdf","link_csv":"","situacao_da_portaria":"REVOGADA"},"_links":{"self":[{"href":"https:\/\/saobernardo.ma.gov.br\/transparencia\/wp-json\/wp\/v2\/posts\/5792","targetHints":{"allow":["GET"]}}],"collection":[{"href":"https:\/\/saobernardo.ma.gov.br\/transparencia\/wp-json\/wp\/v2\/posts"}],"about":[{"href":"https:\/\/saobernardo.ma.gov.br\/transparencia\/wp-json\/wp\/v2\/types\/post"}],"author":[{"embeddable":true,"href":"https:\/\/saobernardo.ma.gov.br\/transparencia\/wp-json\/wp\/v2\/users\/6"}],"replies":[{"embeddable":true,"href":"https:\/\/saobernardo.ma.gov.br\/transparencia\/wp-json\/wp\/v2\/comments?post=5792"}],"version-history":[{"count":2,"href":"https:\/\/saobernardo.ma.gov.br\/transparencia\/wp-json\/wp\/v2\/posts\/5792\/revisions"}],"predecessor-version":[{"id":10599,"href":"https:\/\/saobernardo.ma.gov.br\/transparencia\/wp-json\/wp\/v2\/posts\/5792\/revisions\/10599"}],"wp:attachment":[{"href":"https:\/\/saobernardo.ma.gov.br\/transparencia\/wp-json\/wp\/v2\/media?parent=5792"}],"wp:term":[{"taxonomy":"category","embeddable":true,"href":"https:\/\/saobernardo.ma.gov.br\/transparencia\/wp-json\/wp\/v2\/categories?post=5792"},{"taxonomy":"post_tag","embeddable":true,"href":"https:\/\/saobernardo.ma.gov.br\/transparencia\/wp-json\/wp\/v2\/tags?post=5792"},{"taxonomy":"mes","embeddable":true,"href":"https:\/\/saobernardo.ma.gov.br\/transparencia\/wp-json\/wp\/v2\/mes?post=5792"},{"taxonomy":"ano","embeddable":true,"href":"https:\/\/saobernardo.ma.gov.br\/transparencia\/wp-json\/wp\/v2\/ano?post=5792"},{"taxonomy":"secretarias","embeddable":true,"href":"https:\/\/saobernardo.ma.gov.br\/transparencia\/wp-json\/wp\/v2\/secretarias?post=5792"}],"curies":[{"name":"wp","href":"https:\/\/api.w.org\/{rel}","templated":true}]}}