 {"id":6066,"date":"2021-04-29T12:28:48","date_gmt":"2021-04-29T15:28:48","guid":{"rendered":"https:\/\/saobernardo.ma.gov.br\/transparencia\/?p=6066"},"modified":"2023-06-21T15:03:51","modified_gmt":"2023-06-21T18:03:51","slug":"portaria-no-593-2021-resolve-nomear-para-exercer-o-cargo-em-comissao-do-orgao-de-execucao-instrumental-de-natureza-superior-dans-de-coordenadora-de-recursos-humanos-do-fundo-municipal-de-educacao","status":"publish","type":"post","link":"https:\/\/saobernardo.ma.gov.br\/transparencia\/portarias\/portaria-no-593-2021-resolve-nomear-para-exercer-o-cargo-em-comissao-do-orgao-de-execucao-instrumental-de-natureza-superior-dans-de-coordenadora-de-recursos-humanos-do-fundo-municipal-de-educacao\/","title":{"rendered":"PORTARIA N\u00ba 593\/2021 &#8211; RESOLVE NOMEAR, para exercer o Cargo em Comiss\u00e3o do \u00d3rg\u00e3o de Execu\u00e7\u00e3o Instrumental de Natureza Superior- DANS, de Coordenadora de Recursos Humanos do Fundo Municipal de Educa\u00e7\u00e3o, e Coordenadora Interina de Recursos Humanos da Secretaria Municipal de Administra\u00e7\u00e3o, a Sra. TH\u00c1TILA COSTA DOS SANTOS LIMA"},"content":{"rendered":"","protected":false},"excerpt":{"rendered":"","protected":false},"author":6,"featured_media":0,"comment_status":"open","ping_status":"closed","sticky":false,"template":"","format":"standard","meta":{"_acf_changed":false,"footnotes":""},"categories":[4],"tags":[],"mes":[27],"ano":[23],"secretarias":[],"class_list":["post-6066","post","type-post","status-publish","format-standard","hentry","category-portarias","mes-abril","ano-23"],"acf":{"documento":"https:\/\/saobernardo.ma.gov.br\/transparencia\/wp-content\/uploads\/2021\/04\/PORTARIA-593-2021-2.pdf","link_csv":"","situacao_da_portaria":"REVOGADA"},"_links":{"self":[{"href":"https:\/\/saobernardo.ma.gov.br\/transparencia\/wp-json\/wp\/v2\/posts\/6066","targetHints":{"allow":["GET"]}}],"collection":[{"href":"https:\/\/saobernardo.ma.gov.br\/transparencia\/wp-json\/wp\/v2\/posts"}],"about":[{"href":"https:\/\/saobernardo.ma.gov.br\/transparencia\/wp-json\/wp\/v2\/types\/post"}],"author":[{"embeddable":true,"href":"https:\/\/saobernardo.ma.gov.br\/transparencia\/wp-json\/wp\/v2\/users\/6"}],"replies":[{"embeddable":true,"href":"https:\/\/saobernardo.ma.gov.br\/transparencia\/wp-json\/wp\/v2\/comments?post=6066"}],"version-history":[{"count":2,"href":"https:\/\/saobernardo.ma.gov.br\/transparencia\/wp-json\/wp\/v2\/posts\/6066\/revisions"}],"predecessor-version":[{"id":10564,"href":"https:\/\/saobernardo.ma.gov.br\/transparencia\/wp-json\/wp\/v2\/posts\/6066\/revisions\/10564"}],"wp:attachment":[{"href":"https:\/\/saobernardo.ma.gov.br\/transparencia\/wp-json\/wp\/v2\/media?parent=6066"}],"wp:term":[{"taxonomy":"category","embeddable":true,"href":"https:\/\/saobernardo.ma.gov.br\/transparencia\/wp-json\/wp\/v2\/categories?post=6066"},{"taxonomy":"post_tag","embeddable":true,"href":"https:\/\/saobernardo.ma.gov.br\/transparencia\/wp-json\/wp\/v2\/tags?post=6066"},{"taxonomy":"mes","embeddable":true,"href":"https:\/\/saobernardo.ma.gov.br\/transparencia\/wp-json\/wp\/v2\/mes?post=6066"},{"taxonomy":"ano","embeddable":true,"href":"https:\/\/saobernardo.ma.gov.br\/transparencia\/wp-json\/wp\/v2\/ano?post=6066"},{"taxonomy":"secretarias","embeddable":true,"href":"https:\/\/saobernardo.ma.gov.br\/transparencia\/wp-json\/wp\/v2\/secretarias?post=6066"}],"curies":[{"name":"wp","href":"https:\/\/api.w.org\/{rel}","templated":true}]}}