 {"id":6449,"date":"2021-05-17T16:20:15","date_gmt":"2021-05-17T19:20:15","guid":{"rendered":"https:\/\/saobernardo.ma.gov.br\/transparencia\/?p=6449"},"modified":"2023-06-21T15:03:20","modified_gmt":"2023-06-21T18:03:20","slug":"portaria-no-594-2021-resolve-nomear-para-exercer-o-cargo-em-comissao-de-coordenadora-do-programa-farmacia-basica-da-secretaria-municipal-de-saude-na-estrutura-organizacional-do-poder-executivo-a","status":"publish","type":"post","link":"https:\/\/saobernardo.ma.gov.br\/transparencia\/portarias\/portaria-no-594-2021-resolve-nomear-para-exercer-o-cargo-em-comissao-de-coordenadora-do-programa-farmacia-basica-da-secretaria-municipal-de-saude-na-estrutura-organizacional-do-poder-executivo-a\/","title":{"rendered":"PORTARIA N\u00ba 594\/2021 &#8211; RESOLVE NOMEAR, para exercer o Cargo em Comiss\u00e3o de COORDENADORA DO PROGRAMA FARM\u00c1CIA B\u00c1SICA, da Secretaria Municipal de Sa\u00fade, na estrutura organizacional do Poder Executivo, a Sra. FERNANDA ALANNA CARVALHO DA COSTA"},"content":{"rendered":"","protected":false},"excerpt":{"rendered":"","protected":false},"author":8,"featured_media":0,"comment_status":"open","ping_status":"closed","sticky":false,"template":"","format":"standard","meta":{"_acf_changed":false,"footnotes":""},"categories":[4],"tags":[],"mes":[28],"ano":[23],"secretarias":[],"class_list":["post-6449","post","type-post","status-publish","format-standard","hentry","category-portarias","mes-maio","ano-23"],"acf":{"documento":"https:\/\/saobernardo.ma.gov.br\/transparencia\/wp-content\/uploads\/2021\/05\/PORTARIA-594-2021.pdf","link_csv":"","situacao_da_portaria":"REVOGADA"},"_links":{"self":[{"href":"https:\/\/saobernardo.ma.gov.br\/transparencia\/wp-json\/wp\/v2\/posts\/6449","targetHints":{"allow":["GET"]}}],"collection":[{"href":"https:\/\/saobernardo.ma.gov.br\/transparencia\/wp-json\/wp\/v2\/posts"}],"about":[{"href":"https:\/\/saobernardo.ma.gov.br\/transparencia\/wp-json\/wp\/v2\/types\/post"}],"author":[{"embeddable":true,"href":"https:\/\/saobernardo.ma.gov.br\/transparencia\/wp-json\/wp\/v2\/users\/8"}],"replies":[{"embeddable":true,"href":"https:\/\/saobernardo.ma.gov.br\/transparencia\/wp-json\/wp\/v2\/comments?post=6449"}],"version-history":[{"count":2,"href":"https:\/\/saobernardo.ma.gov.br\/transparencia\/wp-json\/wp\/v2\/posts\/6449\/revisions"}],"predecessor-version":[{"id":10561,"href":"https:\/\/saobernardo.ma.gov.br\/transparencia\/wp-json\/wp\/v2\/posts\/6449\/revisions\/10561"}],"wp:attachment":[{"href":"https:\/\/saobernardo.ma.gov.br\/transparencia\/wp-json\/wp\/v2\/media?parent=6449"}],"wp:term":[{"taxonomy":"category","embeddable":true,"href":"https:\/\/saobernardo.ma.gov.br\/transparencia\/wp-json\/wp\/v2\/categories?post=6449"},{"taxonomy":"post_tag","embeddable":true,"href":"https:\/\/saobernardo.ma.gov.br\/transparencia\/wp-json\/wp\/v2\/tags?post=6449"},{"taxonomy":"mes","embeddable":true,"href":"https:\/\/saobernardo.ma.gov.br\/transparencia\/wp-json\/wp\/v2\/mes?post=6449"},{"taxonomy":"ano","embeddable":true,"href":"https:\/\/saobernardo.ma.gov.br\/transparencia\/wp-json\/wp\/v2\/ano?post=6449"},{"taxonomy":"secretarias","embeddable":true,"href":"https:\/\/saobernardo.ma.gov.br\/transparencia\/wp-json\/wp\/v2\/secretarias?post=6449"}],"curies":[{"name":"wp","href":"https:\/\/api.w.org\/{rel}","templated":true}]}}