 {"id":648,"date":"2018-06-12T17:33:55","date_gmt":"2018-06-12T20:33:55","guid":{"rendered":"http:\/\/saobernardo.ma.gov.br\/gestaopublica\/?p=648"},"modified":"2023-06-22T09:12:13","modified_gmt":"2023-06-22T12:12:13","slug":"portaria-n-325-de-12-de-junho-de-2018-exoneracao-do-cargo-efetivo-de-professor-da-secretaria-municipal-de-educacao-da-estrutura-organizacional-da-prefeitura-municipal","status":"publish","type":"post","link":"https:\/\/saobernardo.ma.gov.br\/transparencia\/portarias\/portaria-n-325-de-12-de-junho-de-2018-exoneracao-do-cargo-efetivo-de-professor-da-secretaria-municipal-de-educacao-da-estrutura-organizacional-da-prefeitura-municipal\/","title":{"rendered":"PORTARIA N\u00b0 325, DE 12 DE JUNHO DE 2018, EXONERA\u00c7\u00c3O DO CARGO EFETIVO DE PROFESSOR DA SECRETARIA MUNICIPAL DE EDUCA\u00c7\u00c3O DA ESTRUTURA ORGANIZACIONAL DA PREFEITURA MUNICIPAL."},"content":{"rendered":"<p><a <a href=\"http:\/\/saobernardo.ma.gov.br\/transparencia\/wp-content\/uploads\/2018\/07\/PORTARIA-N\u00b0-325-DE-12-DE-JUNHO-DE-2018-EXONERA\u00c7\u00c3O-DO-CARGO-EFETIVO-DE-PROFESSOR-e1530729353317.jpeg\" target=\"_blank\">download\u00a0<\/a><\/p>\n","protected":false},"excerpt":{"rendered":"","protected":false},"author":2,"featured_media":0,"comment_status":"open","ping_status":"closed","sticky":false,"template":"","format":"standard","meta":{"_acf_changed":false,"footnotes":""},"categories":[4],"tags":[],"mes":[29],"ano":[38],"secretarias":[],"class_list":["post-648","post","type-post","status-publish","format-standard","hentry","category-portarias","mes-junho","ano-38"],"acf":{"link_csv":"http:\/\/saobernardo.ma.gov.br\/transparencia\/wp-content\/uploads\/2018\/07\/PORTARIA-N\u00b0-325-DE-12-DE-JUNHO-DE-2018-EXONERA\u00c7\u00c3O-DO-CARGO-EFETIVO-DE-PROFESSOR-e1530729353317.jpeg"},"_links":{"self":[{"href":"https:\/\/saobernardo.ma.gov.br\/transparencia\/wp-json\/wp\/v2\/posts\/648","targetHints":{"allow":["GET"]}}],"collection":[{"href":"https:\/\/saobernardo.ma.gov.br\/transparencia\/wp-json\/wp\/v2\/posts"}],"about":[{"href":"https:\/\/saobernardo.ma.gov.br\/transparencia\/wp-json\/wp\/v2\/types\/post"}],"author":[{"embeddable":true,"href":"https:\/\/saobernardo.ma.gov.br\/transparencia\/wp-json\/wp\/v2\/users\/2"}],"replies":[{"embeddable":true,"href":"https:\/\/saobernardo.ma.gov.br\/transparencia\/wp-json\/wp\/v2\/comments?post=648"}],"version-history":[{"count":1,"href":"https:\/\/saobernardo.ma.gov.br\/transparencia\/wp-json\/wp\/v2\/posts\/648\/revisions"}],"predecessor-version":[{"id":650,"href":"https:\/\/saobernardo.ma.gov.br\/transparencia\/wp-json\/wp\/v2\/posts\/648\/revisions\/650"}],"wp:attachment":[{"href":"https:\/\/saobernardo.ma.gov.br\/transparencia\/wp-json\/wp\/v2\/media?parent=648"}],"wp:term":[{"taxonomy":"category","embeddable":true,"href":"https:\/\/saobernardo.ma.gov.br\/transparencia\/wp-json\/wp\/v2\/categories?post=648"},{"taxonomy":"post_tag","embeddable":true,"href":"https:\/\/saobernardo.ma.gov.br\/transparencia\/wp-json\/wp\/v2\/tags?post=648"},{"taxonomy":"mes","embeddable":true,"href":"https:\/\/saobernardo.ma.gov.br\/transparencia\/wp-json\/wp\/v2\/mes?post=648"},{"taxonomy":"ano","embeddable":true,"href":"https:\/\/saobernardo.ma.gov.br\/transparencia\/wp-json\/wp\/v2\/ano?post=648"},{"taxonomy":"secretarias","embeddable":true,"href":"https:\/\/saobernardo.ma.gov.br\/transparencia\/wp-json\/wp\/v2\/secretarias?post=648"}],"curies":[{"name":"wp","href":"https:\/\/api.w.org\/{rel}","templated":true}]}}