 {"id":6515,"date":"2021-05-27T10:01:13","date_gmt":"2021-05-27T13:01:13","guid":{"rendered":"https:\/\/saobernardo.ma.gov.br\/transparencia\/?p=6515"},"modified":"2023-06-21T15:02:45","modified_gmt":"2023-06-21T18:02:45","slug":"portaria-no-597-2021-resolve-nomear-para-exercer-o-cargo-em-comissao-de-coordenador-de-atividades-e-meio-dans-da-secretaria-municipal-de-educacao-ciencia-e-tecnologia-semecti-da-estr","status":"publish","type":"post","link":"https:\/\/saobernardo.ma.gov.br\/transparencia\/portarias\/portaria-no-597-2021-resolve-nomear-para-exercer-o-cargo-em-comissao-de-coordenador-de-atividades-e-meio-dans-da-secretaria-municipal-de-educacao-ciencia-e-tecnologia-semecti-da-estr\/","title":{"rendered":"PORTARIA N\u00ba 597\/2021 &#8211; \u201d RESOLVE NOMEAR para exercer  o Cargo em comiss\u00e3o de COORDENADOR DE ATIVIDADES E MEIO &#8211; DANS, da Secretaria Municipal de Educa\u00e7\u00e3o, Ci\u00eancia e Tecnologia Semecti, da Estrutura organizacional, o Senhor CLAYTON SOUZA SILVA"},"content":{"rendered":"","protected":false},"excerpt":{"rendered":"","protected":false},"author":6,"featured_media":0,"comment_status":"open","ping_status":"closed","sticky":false,"template":"","format":"standard","meta":{"_acf_changed":false,"footnotes":""},"categories":[4],"tags":[],"mes":[28],"ano":[23],"secretarias":[],"class_list":["post-6515","post","type-post","status-publish","format-standard","hentry","category-portarias","mes-maio","ano-23"],"acf":{"documento":"https:\/\/saobernardo.ma.gov.br\/transparencia\/wp-content\/uploads\/2021\/05\/PORTARIA-597-2021.pdf","link_csv":"","situacao_da_portaria":"REVOGADA"},"_links":{"self":[{"href":"https:\/\/saobernardo.ma.gov.br\/transparencia\/wp-json\/wp\/v2\/posts\/6515","targetHints":{"allow":["GET"]}}],"collection":[{"href":"https:\/\/saobernardo.ma.gov.br\/transparencia\/wp-json\/wp\/v2\/posts"}],"about":[{"href":"https:\/\/saobernardo.ma.gov.br\/transparencia\/wp-json\/wp\/v2\/types\/post"}],"author":[{"embeddable":true,"href":"https:\/\/saobernardo.ma.gov.br\/transparencia\/wp-json\/wp\/v2\/users\/6"}],"replies":[{"embeddable":true,"href":"https:\/\/saobernardo.ma.gov.br\/transparencia\/wp-json\/wp\/v2\/comments?post=6515"}],"version-history":[{"count":2,"href":"https:\/\/saobernardo.ma.gov.br\/transparencia\/wp-json\/wp\/v2\/posts\/6515\/revisions"}],"predecessor-version":[{"id":10556,"href":"https:\/\/saobernardo.ma.gov.br\/transparencia\/wp-json\/wp\/v2\/posts\/6515\/revisions\/10556"}],"wp:attachment":[{"href":"https:\/\/saobernardo.ma.gov.br\/transparencia\/wp-json\/wp\/v2\/media?parent=6515"}],"wp:term":[{"taxonomy":"category","embeddable":true,"href":"https:\/\/saobernardo.ma.gov.br\/transparencia\/wp-json\/wp\/v2\/categories?post=6515"},{"taxonomy":"post_tag","embeddable":true,"href":"https:\/\/saobernardo.ma.gov.br\/transparencia\/wp-json\/wp\/v2\/tags?post=6515"},{"taxonomy":"mes","embeddable":true,"href":"https:\/\/saobernardo.ma.gov.br\/transparencia\/wp-json\/wp\/v2\/mes?post=6515"},{"taxonomy":"ano","embeddable":true,"href":"https:\/\/saobernardo.ma.gov.br\/transparencia\/wp-json\/wp\/v2\/ano?post=6515"},{"taxonomy":"secretarias","embeddable":true,"href":"https:\/\/saobernardo.ma.gov.br\/transparencia\/wp-json\/wp\/v2\/secretarias?post=6515"}],"curies":[{"name":"wp","href":"https:\/\/api.w.org\/{rel}","templated":true}]}}