 {"id":705,"date":"2018-08-16T12:04:51","date_gmt":"2018-08-16T15:04:51","guid":{"rendered":"http:\/\/saobernardo.ma.gov.br\/gestaopublica\/?p=705"},"modified":"2023-06-13T16:10:36","modified_gmt":"2023-06-13T19:10:36","slug":"decreto-no38-2018-revoga-o-decreto-de-no37-2018-que-decretou-ponto-facultativo-no-dia-20-de-agosto-de-2018-nas-reparticoes-publicas-municipais-e-da-outras-providencias","status":"publish","type":"post","link":"https:\/\/saobernardo.ma.gov.br\/transparencia\/decretos\/decreto-no38-2018-revoga-o-decreto-de-no37-2018-que-decretou-ponto-facultativo-no-dia-20-de-agosto-de-2018-nas-reparticoes-publicas-municipais-e-da-outras-providencias\/","title":{"rendered":"Decreto N\u00ba38\/2018 &#8211; REVOGA O DECRETO DE N\u00ba37\/2018 QUE DECRETOU PONTO FACULTATIVO NO DIA 20 DE AGOSTO DE 2018, NAS REPARTI\u00c7\u00d5ES P\u00daBLICAS MUNICIPAIS E D\u00c1 OUTRAS PROVID\u00caNCIAS."},"content":{"rendered":"<p><a <a href=\"http:\/\/saobernardo.ma.gov.br\/transparencia\/wp-content\/uploads\/2018\/08\/decreto-revogando-festejo-dia-20-08-2018.jpeg\" target=\"_blank\">downloand<\/a><\/p>\n","protected":false},"excerpt":{"rendered":"","protected":false},"author":2,"featured_media":0,"comment_status":"open","ping_status":"closed","sticky":false,"template":"","format":"standard","meta":{"_acf_changed":false,"footnotes":""},"categories":[3],"tags":[],"mes":[31],"ano":[38],"secretarias":[],"class_list":["post-705","post","type-post","status-publish","format-standard","hentry","category-decretos","mes-agosto","ano-38"],"acf":{"link_csv":"http:\/\/saobernardo.ma.gov.br\/transparencia\/wp-content\/uploads\/2018\/08\/decreto-revogando-festejo-dia-20-08-2018.jpeg"},"_links":{"self":[{"href":"https:\/\/saobernardo.ma.gov.br\/transparencia\/wp-json\/wp\/v2\/posts\/705","targetHints":{"allow":["GET"]}}],"collection":[{"href":"https:\/\/saobernardo.ma.gov.br\/transparencia\/wp-json\/wp\/v2\/posts"}],"about":[{"href":"https:\/\/saobernardo.ma.gov.br\/transparencia\/wp-json\/wp\/v2\/types\/post"}],"author":[{"embeddable":true,"href":"https:\/\/saobernardo.ma.gov.br\/transparencia\/wp-json\/wp\/v2\/users\/2"}],"replies":[{"embeddable":true,"href":"https:\/\/saobernardo.ma.gov.br\/transparencia\/wp-json\/wp\/v2\/comments?post=705"}],"version-history":[{"count":1,"href":"https:\/\/saobernardo.ma.gov.br\/transparencia\/wp-json\/wp\/v2\/posts\/705\/revisions"}],"predecessor-version":[{"id":707,"href":"https:\/\/saobernardo.ma.gov.br\/transparencia\/wp-json\/wp\/v2\/posts\/705\/revisions\/707"}],"wp:attachment":[{"href":"https:\/\/saobernardo.ma.gov.br\/transparencia\/wp-json\/wp\/v2\/media?parent=705"}],"wp:term":[{"taxonomy":"category","embeddable":true,"href":"https:\/\/saobernardo.ma.gov.br\/transparencia\/wp-json\/wp\/v2\/categories?post=705"},{"taxonomy":"post_tag","embeddable":true,"href":"https:\/\/saobernardo.ma.gov.br\/transparencia\/wp-json\/wp\/v2\/tags?post=705"},{"taxonomy":"mes","embeddable":true,"href":"https:\/\/saobernardo.ma.gov.br\/transparencia\/wp-json\/wp\/v2\/mes?post=705"},{"taxonomy":"ano","embeddable":true,"href":"https:\/\/saobernardo.ma.gov.br\/transparencia\/wp-json\/wp\/v2\/ano?post=705"},{"taxonomy":"secretarias","embeddable":true,"href":"https:\/\/saobernardo.ma.gov.br\/transparencia\/wp-json\/wp\/v2\/secretarias?post=705"}],"curies":[{"name":"wp","href":"https:\/\/api.w.org\/{rel}","templated":true}]}}