 {"id":748,"date":"2018-09-05T17:26:35","date_gmt":"2018-09-05T20:26:35","guid":{"rendered":"http:\/\/saobernardo.ma.gov.br\/gestaopublica\/?p=748"},"modified":"2023-06-13T16:12:19","modified_gmt":"2023-06-13T19:12:19","slug":"decreto-municipal-n-39-de-05-de-setembro-de-2018-institui-a-comissao-de-intersetorial-pelos-direitos-da-infancia-e-adolescencia-e-da-outras-providencias","status":"publish","type":"post","link":"https:\/\/saobernardo.ma.gov.br\/transparencia\/decretos\/decreto-municipal-n-39-de-05-de-setembro-de-2018-institui-a-comissao-de-intersetorial-pelos-direitos-da-infancia-e-adolescencia-e-da-outras-providencias\/","title":{"rendered":"Decreto Municipal N\u00b0 39, de 05 de Setembro de 2018 &#8211; Institui a comiss\u00e3o de intersetorial pelos direitos da inf\u00e2ncia e adolesc\u00eancia e d\u00e1 outras provid\u00eancias."},"content":{"rendered":"<p><a <a href=\"http:\/\/saobernardo.ma.gov.br\/transparencia\/wp-content\/uploads\/2018\/09\/Decreto-Municipal-N\u00b0-39-de-05-de-setembro-de-2018-Institui-a-comiss\u00e3o-de-intersetorial-pelos-direitos-da-inf\u00e2ncia-e-adolesc\u00eancia-e-d\u00e1-outras-provid\u00eancias.pdf\" target=\"_blank\">downloand<\/a><\/p>\n","protected":false},"excerpt":{"rendered":"","protected":false},"author":2,"featured_media":0,"comment_status":"open","ping_status":"closed","sticky":false,"template":"","format":"standard","meta":{"_acf_changed":false,"footnotes":""},"categories":[3],"tags":[],"mes":[32],"ano":[38],"secretarias":[],"class_list":["post-748","post","type-post","status-publish","format-standard","hentry","category-decretos","mes-setembro","ano-38"],"acf":{"link_csv":"http:\/\/saobernardo.ma.gov.br\/transparencia\/wp-content\/uploads\/2018\/09\/Decreto-Municipal-N\u00b0-39-de-05-de-setembro-de-2018-Institui-a-comiss\u00e3o-de-intersetorial-pelos-direitos-da-inf\u00e2ncia-e-adolesc\u00eancia-e-d\u00e1-outras-provid\u00eancias.pdf"},"_links":{"self":[{"href":"https:\/\/saobernardo.ma.gov.br\/transparencia\/wp-json\/wp\/v2\/posts\/748","targetHints":{"allow":["GET"]}}],"collection":[{"href":"https:\/\/saobernardo.ma.gov.br\/transparencia\/wp-json\/wp\/v2\/posts"}],"about":[{"href":"https:\/\/saobernardo.ma.gov.br\/transparencia\/wp-json\/wp\/v2\/types\/post"}],"author":[{"embeddable":true,"href":"https:\/\/saobernardo.ma.gov.br\/transparencia\/wp-json\/wp\/v2\/users\/2"}],"replies":[{"embeddable":true,"href":"https:\/\/saobernardo.ma.gov.br\/transparencia\/wp-json\/wp\/v2\/comments?post=748"}],"version-history":[{"count":2,"href":"https:\/\/saobernardo.ma.gov.br\/transparencia\/wp-json\/wp\/v2\/posts\/748\/revisions"}],"predecessor-version":[{"id":758,"href":"https:\/\/saobernardo.ma.gov.br\/transparencia\/wp-json\/wp\/v2\/posts\/748\/revisions\/758"}],"wp:attachment":[{"href":"https:\/\/saobernardo.ma.gov.br\/transparencia\/wp-json\/wp\/v2\/media?parent=748"}],"wp:term":[{"taxonomy":"category","embeddable":true,"href":"https:\/\/saobernardo.ma.gov.br\/transparencia\/wp-json\/wp\/v2\/categories?post=748"},{"taxonomy":"post_tag","embeddable":true,"href":"https:\/\/saobernardo.ma.gov.br\/transparencia\/wp-json\/wp\/v2\/tags?post=748"},{"taxonomy":"mes","embeddable":true,"href":"https:\/\/saobernardo.ma.gov.br\/transparencia\/wp-json\/wp\/v2\/mes?post=748"},{"taxonomy":"ano","embeddable":true,"href":"https:\/\/saobernardo.ma.gov.br\/transparencia\/wp-json\/wp\/v2\/ano?post=748"},{"taxonomy":"secretarias","embeddable":true,"href":"https:\/\/saobernardo.ma.gov.br\/transparencia\/wp-json\/wp\/v2\/secretarias?post=748"}],"curies":[{"name":"wp","href":"https:\/\/api.w.org\/{rel}","templated":true}]}}