 {"id":7911,"date":"2021-08-09T11:00:01","date_gmt":"2021-08-09T14:00:01","guid":{"rendered":"https:\/\/saobernardo.ma.gov.br\/transparencia\/?p=7911"},"modified":"2023-06-21T14:59:06","modified_gmt":"2023-06-21T17:59:06","slug":"portaria-no-690-2021-resolve-nomear-para-o-cargo-em-comissao-do-orgao-de-direcao-e-assessoramento-das-de-coordenador-pedagogico-a-sra-lina-rosa-carvalho-da-silva","status":"publish","type":"post","link":"https:\/\/saobernardo.ma.gov.br\/transparencia\/portarias\/portaria-no-690-2021-resolve-nomear-para-o-cargo-em-comissao-do-orgao-de-direcao-e-assessoramento-das-de-coordenador-pedagogico-a-sra-lina-rosa-carvalho-da-silva\/","title":{"rendered":"PORTARIA N\u00ba 690\/2021-RESOLVE NOMEAR, para o Cargo em Comiss\u00e3o do \u00d3rg\u00e3o de Dire\u00e7\u00e3o e Assessoramento\u2013DAS, de COORDENADOR PEDAGOGICO, a Sra. LINA ROSA CARVALHO DA SILVA"},"content":{"rendered":"","protected":false},"excerpt":{"rendered":"","protected":false},"author":6,"featured_media":0,"comment_status":"open","ping_status":"closed","sticky":false,"template":"","format":"standard","meta":{"_acf_changed":false,"footnotes":""},"categories":[4],"tags":[],"mes":[31],"ano":[23],"secretarias":[],"class_list":["post-7911","post","type-post","status-publish","format-standard","hentry","category-portarias","mes-agosto","ano-23"],"acf":{"documento":"https:\/\/saobernardo.ma.gov.br\/transparencia\/wp-content\/uploads\/2021\/08\/PORTARIA-690-2021.pdf","link_csv":"","situacao_da_portaria":"REVOGADA"},"_links":{"self":[{"href":"https:\/\/saobernardo.ma.gov.br\/transparencia\/wp-json\/wp\/v2\/posts\/7911","targetHints":{"allow":["GET"]}}],"collection":[{"href":"https:\/\/saobernardo.ma.gov.br\/transparencia\/wp-json\/wp\/v2\/posts"}],"about":[{"href":"https:\/\/saobernardo.ma.gov.br\/transparencia\/wp-json\/wp\/v2\/types\/post"}],"author":[{"embeddable":true,"href":"https:\/\/saobernardo.ma.gov.br\/transparencia\/wp-json\/wp\/v2\/users\/6"}],"replies":[{"embeddable":true,"href":"https:\/\/saobernardo.ma.gov.br\/transparencia\/wp-json\/wp\/v2\/comments?post=7911"}],"version-history":[{"count":3,"href":"https:\/\/saobernardo.ma.gov.br\/transparencia\/wp-json\/wp\/v2\/posts\/7911\/revisions"}],"predecessor-version":[{"id":10416,"href":"https:\/\/saobernardo.ma.gov.br\/transparencia\/wp-json\/wp\/v2\/posts\/7911\/revisions\/10416"}],"wp:attachment":[{"href":"https:\/\/saobernardo.ma.gov.br\/transparencia\/wp-json\/wp\/v2\/media?parent=7911"}],"wp:term":[{"taxonomy":"category","embeddable":true,"href":"https:\/\/saobernardo.ma.gov.br\/transparencia\/wp-json\/wp\/v2\/categories?post=7911"},{"taxonomy":"post_tag","embeddable":true,"href":"https:\/\/saobernardo.ma.gov.br\/transparencia\/wp-json\/wp\/v2\/tags?post=7911"},{"taxonomy":"mes","embeddable":true,"href":"https:\/\/saobernardo.ma.gov.br\/transparencia\/wp-json\/wp\/v2\/mes?post=7911"},{"taxonomy":"ano","embeddable":true,"href":"https:\/\/saobernardo.ma.gov.br\/transparencia\/wp-json\/wp\/v2\/ano?post=7911"},{"taxonomy":"secretarias","embeddable":true,"href":"https:\/\/saobernardo.ma.gov.br\/transparencia\/wp-json\/wp\/v2\/secretarias?post=7911"}],"curies":[{"name":"wp","href":"https:\/\/api.w.org\/{rel}","templated":true}]}}