 {"id":7921,"date":"2021-08-10T11:11:42","date_gmt":"2021-08-10T14:11:42","guid":{"rendered":"https:\/\/saobernardo.ma.gov.br\/transparencia\/?p=7921"},"modified":"2023-06-21T14:59:06","modified_gmt":"2023-06-21T17:59:06","slug":"portaria-no-691-2021-resolve-nomear-para-o-cargo-em-comissao-do-orgao-de-direcao-e-assessoramento-intermediario-dai-1-de-secretario-escolar-a-sra-jehffeny-laudo-mascarenhas","status":"publish","type":"post","link":"https:\/\/saobernardo.ma.gov.br\/transparencia\/portarias\/portaria-no-691-2021-resolve-nomear-para-o-cargo-em-comissao-do-orgao-de-direcao-e-assessoramento-intermediario-dai-1-de-secretario-escolar-a-sra-jehffeny-laudo-mascarenhas\/","title":{"rendered":"PORTARIA N\u00ba 691\/2021-RESOLVE NOMEAR, para o Cargo em Comiss\u00e3o do \u00d3rg\u00e3o de Dire\u00e7\u00e3o e Assessoramento Intermedi\u00e1rio \u2013 DAI -1, de SECRETARIO ESCOLAR, a Sra. JEHFFENY LAUDO MASCARENHAS"},"content":{"rendered":"","protected":false},"excerpt":{"rendered":"","protected":false},"author":6,"featured_media":0,"comment_status":"open","ping_status":"closed","sticky":false,"template":"","format":"standard","meta":{"_acf_changed":false,"footnotes":""},"categories":[4],"tags":[],"mes":[31],"ano":[23],"secretarias":[],"class_list":["post-7921","post","type-post","status-publish","format-standard","hentry","category-portarias","mes-agosto","ano-23"],"acf":{"documento":"https:\/\/saobernardo.ma.gov.br\/transparencia\/wp-content\/uploads\/2021\/08\/PORTARIA-691-2021.pdf","link_csv":"","situacao_da_portaria":"REVOGADA"},"_links":{"self":[{"href":"https:\/\/saobernardo.ma.gov.br\/transparencia\/wp-json\/wp\/v2\/posts\/7921","targetHints":{"allow":["GET"]}}],"collection":[{"href":"https:\/\/saobernardo.ma.gov.br\/transparencia\/wp-json\/wp\/v2\/posts"}],"about":[{"href":"https:\/\/saobernardo.ma.gov.br\/transparencia\/wp-json\/wp\/v2\/types\/post"}],"author":[{"embeddable":true,"href":"https:\/\/saobernardo.ma.gov.br\/transparencia\/wp-json\/wp\/v2\/users\/6"}],"replies":[{"embeddable":true,"href":"https:\/\/saobernardo.ma.gov.br\/transparencia\/wp-json\/wp\/v2\/comments?post=7921"}],"version-history":[{"count":2,"href":"https:\/\/saobernardo.ma.gov.br\/transparencia\/wp-json\/wp\/v2\/posts\/7921\/revisions"}],"predecessor-version":[{"id":10414,"href":"https:\/\/saobernardo.ma.gov.br\/transparencia\/wp-json\/wp\/v2\/posts\/7921\/revisions\/10414"}],"wp:attachment":[{"href":"https:\/\/saobernardo.ma.gov.br\/transparencia\/wp-json\/wp\/v2\/media?parent=7921"}],"wp:term":[{"taxonomy":"category","embeddable":true,"href":"https:\/\/saobernardo.ma.gov.br\/transparencia\/wp-json\/wp\/v2\/categories?post=7921"},{"taxonomy":"post_tag","embeddable":true,"href":"https:\/\/saobernardo.ma.gov.br\/transparencia\/wp-json\/wp\/v2\/tags?post=7921"},{"taxonomy":"mes","embeddable":true,"href":"https:\/\/saobernardo.ma.gov.br\/transparencia\/wp-json\/wp\/v2\/mes?post=7921"},{"taxonomy":"ano","embeddable":true,"href":"https:\/\/saobernardo.ma.gov.br\/transparencia\/wp-json\/wp\/v2\/ano?post=7921"},{"taxonomy":"secretarias","embeddable":true,"href":"https:\/\/saobernardo.ma.gov.br\/transparencia\/wp-json\/wp\/v2\/secretarias?post=7921"}],"curies":[{"name":"wp","href":"https:\/\/api.w.org\/{rel}","templated":true}]}}