 {"id":7942,"date":"2021-08-10T11:25:46","date_gmt":"2021-08-10T14:25:46","guid":{"rendered":"https:\/\/saobernardo.ma.gov.br\/transparencia\/?p=7942"},"modified":"2023-06-21T14:59:05","modified_gmt":"2023-06-21T17:59:05","slug":"portaria-no-698-2021-resolve-nomear-o-sr-rafael-pinto-alencar-brasileiro-portador-da-oab-ma-no-12925-a-para-o-exercicio-do-cargo-em-comissao-de-assessor-juridico-dans-na-secretaria-muni","status":"publish","type":"post","link":"https:\/\/saobernardo.ma.gov.br\/transparencia\/portarias\/portaria-no-698-2021-resolve-nomear-o-sr-rafael-pinto-alencar-brasileiro-portador-da-oab-ma-no-12925-a-para-o-exercicio-do-cargo-em-comissao-de-assessor-juridico-dans-na-secretaria-muni\/","title":{"rendered":"PORTARIA N\u00ba 698\/2021-RESOLVE NOMEAR, o SR. RAFAEL PINTO ALENCAR, brasileiro, portador da OAB-MA n\u00ba 12925-A, para o exerc\u00edcio do Cargo em Comiss\u00e3o de ASSESSOR JUR\u00cdDICO \u2013 DANS na Secretaria Municipal de Educa\u00e7\u00e3o, Ci\u00eancia e Tecnologia- SEMECT, vinculada a Estrutura Organizacional do Poder Executivo."},"content":{"rendered":"","protected":false},"excerpt":{"rendered":"","protected":false},"author":6,"featured_media":0,"comment_status":"open","ping_status":"closed","sticky":false,"template":"","format":"standard","meta":{"_acf_changed":false,"footnotes":""},"categories":[4],"tags":[],"mes":[31],"ano":[23],"secretarias":[],"class_list":["post-7942","post","type-post","status-publish","format-standard","hentry","category-portarias","mes-agosto","ano-23"],"acf":{"documento":"https:\/\/saobernardo.ma.gov.br\/transparencia\/wp-content\/uploads\/2021\/08\/PORTARIA-698-2021.pdf","link_csv":"","situacao_da_portaria":"REVOGADA"},"_links":{"self":[{"href":"https:\/\/saobernardo.ma.gov.br\/transparencia\/wp-json\/wp\/v2\/posts\/7942","targetHints":{"allow":["GET"]}}],"collection":[{"href":"https:\/\/saobernardo.ma.gov.br\/transparencia\/wp-json\/wp\/v2\/posts"}],"about":[{"href":"https:\/\/saobernardo.ma.gov.br\/transparencia\/wp-json\/wp\/v2\/types\/post"}],"author":[{"embeddable":true,"href":"https:\/\/saobernardo.ma.gov.br\/transparencia\/wp-json\/wp\/v2\/users\/6"}],"replies":[{"embeddable":true,"href":"https:\/\/saobernardo.ma.gov.br\/transparencia\/wp-json\/wp\/v2\/comments?post=7942"}],"version-history":[{"count":3,"href":"https:\/\/saobernardo.ma.gov.br\/transparencia\/wp-json\/wp\/v2\/posts\/7942\/revisions"}],"predecessor-version":[{"id":10404,"href":"https:\/\/saobernardo.ma.gov.br\/transparencia\/wp-json\/wp\/v2\/posts\/7942\/revisions\/10404"}],"wp:attachment":[{"href":"https:\/\/saobernardo.ma.gov.br\/transparencia\/wp-json\/wp\/v2\/media?parent=7942"}],"wp:term":[{"taxonomy":"category","embeddable":true,"href":"https:\/\/saobernardo.ma.gov.br\/transparencia\/wp-json\/wp\/v2\/categories?post=7942"},{"taxonomy":"post_tag","embeddable":true,"href":"https:\/\/saobernardo.ma.gov.br\/transparencia\/wp-json\/wp\/v2\/tags?post=7942"},{"taxonomy":"mes","embeddable":true,"href":"https:\/\/saobernardo.ma.gov.br\/transparencia\/wp-json\/wp\/v2\/mes?post=7942"},{"taxonomy":"ano","embeddable":true,"href":"https:\/\/saobernardo.ma.gov.br\/transparencia\/wp-json\/wp\/v2\/ano?post=7942"},{"taxonomy":"secretarias","embeddable":true,"href":"https:\/\/saobernardo.ma.gov.br\/transparencia\/wp-json\/wp\/v2\/secretarias?post=7942"}],"curies":[{"name":"wp","href":"https:\/\/api.w.org\/{rel}","templated":true}]}}