 {"id":7979,"date":"2021-08-11T11:05:53","date_gmt":"2021-08-11T14:05:53","guid":{"rendered":"https:\/\/saobernardo.ma.gov.br\/transparencia\/?p=7979"},"modified":"2023-06-21T14:59:05","modified_gmt":"2023-06-21T17:59:05","slug":"portaria-no-709-2021-resolve-nomear-para-o-cargo-em-comissao-de-secretaria-municipal-de-educacao-ciencia-e-tecnologia-semect-na-estrutura-organizacional-do-poder-executivo-a-sra-leila-r","status":"publish","type":"post","link":"https:\/\/saobernardo.ma.gov.br\/transparencia\/portarias\/portaria-no-709-2021-resolve-nomear-para-o-cargo-em-comissao-de-secretaria-municipal-de-educacao-ciencia-e-tecnologia-semect-na-estrutura-organizacional-do-poder-executivo-a-sra-leila-r\/","title":{"rendered":"PORTARIA N\u00ba 709\/2021-RESOLVE NOMEAR, para o Cargo em Comiss\u00e3o de SECRET\u00c1RIA MUNICIPAL DE EDUCA\u00c7\u00c3O, CI\u00caNCIA E TECNOLOGIA \u2013 SEMECT, na Estrutura Organizacional do Poder Executivo, a Sra. LEILA RAQUEL COSTA CARVALHO"},"content":{"rendered":"","protected":false},"excerpt":{"rendered":"","protected":false},"author":6,"featured_media":0,"comment_status":"open","ping_status":"closed","sticky":false,"template":"","format":"standard","meta":{"_acf_changed":false,"footnotes":""},"categories":[4],"tags":[],"mes":[31],"ano":[23],"secretarias":[],"class_list":["post-7979","post","type-post","status-publish","format-standard","hentry","category-portarias","mes-agosto","ano-23"],"acf":{"documento":"https:\/\/saobernardo.ma.gov.br\/transparencia\/wp-content\/uploads\/2021\/08\/PORTARIA-709-2021.pdf","link_csv":"","situacao_da_portaria":"REVOGADA"},"_links":{"self":[{"href":"https:\/\/saobernardo.ma.gov.br\/transparencia\/wp-json\/wp\/v2\/posts\/7979","targetHints":{"allow":["GET"]}}],"collection":[{"href":"https:\/\/saobernardo.ma.gov.br\/transparencia\/wp-json\/wp\/v2\/posts"}],"about":[{"href":"https:\/\/saobernardo.ma.gov.br\/transparencia\/wp-json\/wp\/v2\/types\/post"}],"author":[{"embeddable":true,"href":"https:\/\/saobernardo.ma.gov.br\/transparencia\/wp-json\/wp\/v2\/users\/6"}],"replies":[{"embeddable":true,"href":"https:\/\/saobernardo.ma.gov.br\/transparencia\/wp-json\/wp\/v2\/comments?post=7979"}],"version-history":[{"count":2,"href":"https:\/\/saobernardo.ma.gov.br\/transparencia\/wp-json\/wp\/v2\/posts\/7979\/revisions"}],"predecessor-version":[{"id":10389,"href":"https:\/\/saobernardo.ma.gov.br\/transparencia\/wp-json\/wp\/v2\/posts\/7979\/revisions\/10389"}],"wp:attachment":[{"href":"https:\/\/saobernardo.ma.gov.br\/transparencia\/wp-json\/wp\/v2\/media?parent=7979"}],"wp:term":[{"taxonomy":"category","embeddable":true,"href":"https:\/\/saobernardo.ma.gov.br\/transparencia\/wp-json\/wp\/v2\/categories?post=7979"},{"taxonomy":"post_tag","embeddable":true,"href":"https:\/\/saobernardo.ma.gov.br\/transparencia\/wp-json\/wp\/v2\/tags?post=7979"},{"taxonomy":"mes","embeddable":true,"href":"https:\/\/saobernardo.ma.gov.br\/transparencia\/wp-json\/wp\/v2\/mes?post=7979"},{"taxonomy":"ano","embeddable":true,"href":"https:\/\/saobernardo.ma.gov.br\/transparencia\/wp-json\/wp\/v2\/ano?post=7979"},{"taxonomy":"secretarias","embeddable":true,"href":"https:\/\/saobernardo.ma.gov.br\/transparencia\/wp-json\/wp\/v2\/secretarias?post=7979"}],"curies":[{"name":"wp","href":"https:\/\/api.w.org\/{rel}","templated":true}]}}