 {"id":8062,"date":"2021-08-13T11:17:42","date_gmt":"2021-08-13T14:17:42","guid":{"rendered":"https:\/\/saobernardo.ma.gov.br\/transparencia\/?p=8062"},"modified":"2023-06-21T14:59:04","modified_gmt":"2023-06-21T17:59:04","slug":"portaria-no-732-2021-resolve-nomear-para-o-cargo-em-comissao-do-orgao-de-direcao-e-assessoramento-intermediario-dai-1-de-secretario-escolar-a-sra-maria-jose-da-conceicao-de-oliveira","status":"publish","type":"post","link":"https:\/\/saobernardo.ma.gov.br\/transparencia\/portarias\/portaria-no-732-2021-resolve-nomear-para-o-cargo-em-comissao-do-orgao-de-direcao-e-assessoramento-intermediario-dai-1-de-secretario-escolar-a-sra-maria-jose-da-conceicao-de-oliveira\/","title":{"rendered":"PORTARIA N\u00ba 732\/2021-RESOLVE NOMEAR, para o Cargo em Comiss\u00e3o do \u00d3rg\u00e3o de Dire\u00e7\u00e3o e Assessoramento Intermedi\u00e1rio \u2013 DAI -1, de SECRETARIO ESCOLAR, a Sra. MARIA JOSE DA CONCEI\u00c7\u00c3O DE OLIVEIRA"},"content":{"rendered":"","protected":false},"excerpt":{"rendered":"","protected":false},"author":6,"featured_media":0,"comment_status":"open","ping_status":"closed","sticky":false,"template":"","format":"standard","meta":{"_acf_changed":false,"footnotes":""},"categories":[4],"tags":[],"mes":[31],"ano":[23],"secretarias":[],"class_list":["post-8062","post","type-post","status-publish","format-standard","hentry","category-portarias","mes-agosto","ano-23"],"acf":{"documento":"https:\/\/saobernardo.ma.gov.br\/transparencia\/wp-content\/uploads\/2021\/08\/PORTARIA-732-2021.pdf","link_csv":"","situacao_da_portaria":"REVOGADA"},"_links":{"self":[{"href":"https:\/\/saobernardo.ma.gov.br\/transparencia\/wp-json\/wp\/v2\/posts\/8062","targetHints":{"allow":["GET"]}}],"collection":[{"href":"https:\/\/saobernardo.ma.gov.br\/transparencia\/wp-json\/wp\/v2\/posts"}],"about":[{"href":"https:\/\/saobernardo.ma.gov.br\/transparencia\/wp-json\/wp\/v2\/types\/post"}],"author":[{"embeddable":true,"href":"https:\/\/saobernardo.ma.gov.br\/transparencia\/wp-json\/wp\/v2\/users\/6"}],"replies":[{"embeddable":true,"href":"https:\/\/saobernardo.ma.gov.br\/transparencia\/wp-json\/wp\/v2\/comments?post=8062"}],"version-history":[{"count":2,"href":"https:\/\/saobernardo.ma.gov.br\/transparencia\/wp-json\/wp\/v2\/posts\/8062\/revisions"}],"predecessor-version":[{"id":10363,"href":"https:\/\/saobernardo.ma.gov.br\/transparencia\/wp-json\/wp\/v2\/posts\/8062\/revisions\/10363"}],"wp:attachment":[{"href":"https:\/\/saobernardo.ma.gov.br\/transparencia\/wp-json\/wp\/v2\/media?parent=8062"}],"wp:term":[{"taxonomy":"category","embeddable":true,"href":"https:\/\/saobernardo.ma.gov.br\/transparencia\/wp-json\/wp\/v2\/categories?post=8062"},{"taxonomy":"post_tag","embeddable":true,"href":"https:\/\/saobernardo.ma.gov.br\/transparencia\/wp-json\/wp\/v2\/tags?post=8062"},{"taxonomy":"mes","embeddable":true,"href":"https:\/\/saobernardo.ma.gov.br\/transparencia\/wp-json\/wp\/v2\/mes?post=8062"},{"taxonomy":"ano","embeddable":true,"href":"https:\/\/saobernardo.ma.gov.br\/transparencia\/wp-json\/wp\/v2\/ano?post=8062"},{"taxonomy":"secretarias","embeddable":true,"href":"https:\/\/saobernardo.ma.gov.br\/transparencia\/wp-json\/wp\/v2\/secretarias?post=8062"}],"curies":[{"name":"wp","href":"https:\/\/api.w.org\/{rel}","templated":true}]}}