 {"id":8111,"date":"2021-08-17T10:37:29","date_gmt":"2021-08-17T13:37:29","guid":{"rendered":"https:\/\/saobernardo.ma.gov.br\/transparencia\/?p=8111"},"modified":"2023-06-21T14:59:04","modified_gmt":"2023-06-21T17:59:04","slug":"portaria-no-734-2021-resolve-nomear-para-o-cargo-em-comissao-de-chefe-de-gabinete-da-secretaria-municipal-de-educacao-ciencia-e-tecnologia-semect-na-estrutura-organizacional-do-poder-executivo-a","status":"publish","type":"post","link":"https:\/\/saobernardo.ma.gov.br\/transparencia\/portarias\/portaria-no-734-2021-resolve-nomear-para-o-cargo-em-comissao-de-chefe-de-gabinete-da-secretaria-municipal-de-educacao-ciencia-e-tecnologia-semect-na-estrutura-organizacional-do-poder-executivo-a\/","title":{"rendered":"PORTARIA N\u00ba 734\/2021-RESOLVE NOMEAR, para o Cargo em Comiss\u00e3o de CHEFE DE GABINETE da Secretaria Municipal de Educa\u00e7\u00e3o, Ci\u00eancia e Tecnologia &#8211; SEMECT na Estrutura Organizacional do Poder Executivo, a Sra. ELONEIDA MARIA VIEIRA DE CARVALHO SPINDOLA"},"content":{"rendered":"","protected":false},"excerpt":{"rendered":"","protected":false},"author":6,"featured_media":0,"comment_status":"open","ping_status":"closed","sticky":false,"template":"","format":"standard","meta":{"_acf_changed":false,"footnotes":""},"categories":[4],"tags":[],"mes":[31],"ano":[23],"secretarias":[],"class_list":["post-8111","post","type-post","status-publish","format-standard","hentry","category-portarias","mes-agosto","ano-23"],"acf":{"documento":"https:\/\/saobernardo.ma.gov.br\/transparencia\/wp-content\/uploads\/2021\/08\/PORTARIA-734-2021.pdf","link_csv":"","situacao_da_portaria":"REVOGADA"},"_links":{"self":[{"href":"https:\/\/saobernardo.ma.gov.br\/transparencia\/wp-json\/wp\/v2\/posts\/8111","targetHints":{"allow":["GET"]}}],"collection":[{"href":"https:\/\/saobernardo.ma.gov.br\/transparencia\/wp-json\/wp\/v2\/posts"}],"about":[{"href":"https:\/\/saobernardo.ma.gov.br\/transparencia\/wp-json\/wp\/v2\/types\/post"}],"author":[{"embeddable":true,"href":"https:\/\/saobernardo.ma.gov.br\/transparencia\/wp-json\/wp\/v2\/users\/6"}],"replies":[{"embeddable":true,"href":"https:\/\/saobernardo.ma.gov.br\/transparencia\/wp-json\/wp\/v2\/comments?post=8111"}],"version-history":[{"count":2,"href":"https:\/\/saobernardo.ma.gov.br\/transparencia\/wp-json\/wp\/v2\/posts\/8111\/revisions"}],"predecessor-version":[{"id":10361,"href":"https:\/\/saobernardo.ma.gov.br\/transparencia\/wp-json\/wp\/v2\/posts\/8111\/revisions\/10361"}],"wp:attachment":[{"href":"https:\/\/saobernardo.ma.gov.br\/transparencia\/wp-json\/wp\/v2\/media?parent=8111"}],"wp:term":[{"taxonomy":"category","embeddable":true,"href":"https:\/\/saobernardo.ma.gov.br\/transparencia\/wp-json\/wp\/v2\/categories?post=8111"},{"taxonomy":"post_tag","embeddable":true,"href":"https:\/\/saobernardo.ma.gov.br\/transparencia\/wp-json\/wp\/v2\/tags?post=8111"},{"taxonomy":"mes","embeddable":true,"href":"https:\/\/saobernardo.ma.gov.br\/transparencia\/wp-json\/wp\/v2\/mes?post=8111"},{"taxonomy":"ano","embeddable":true,"href":"https:\/\/saobernardo.ma.gov.br\/transparencia\/wp-json\/wp\/v2\/ano?post=8111"},{"taxonomy":"secretarias","embeddable":true,"href":"https:\/\/saobernardo.ma.gov.br\/transparencia\/wp-json\/wp\/v2\/secretarias?post=8111"}],"curies":[{"name":"wp","href":"https:\/\/api.w.org\/{rel}","templated":true}]}}