 {"id":8285,"date":"2021-09-08T12:11:25","date_gmt":"2021-09-08T15:11:25","guid":{"rendered":"https:\/\/saobernardo.ma.gov.br\/transparencia\/?p=8285"},"modified":"2023-06-21T14:52:08","modified_gmt":"2023-06-21T17:52:08","slug":"portaria-no-736-2021-resolve-exonerar-a-pedido-do-cargo-efetivo-de-professor-de-educacao-fisica-vinculado-a-secretaria-municipal-de-educacao-ciencia-e-tecnologia-semect-na-estrutura-organizacion","status":"publish","type":"post","link":"https:\/\/saobernardo.ma.gov.br\/transparencia\/portarias\/portaria-no-736-2021-resolve-exonerar-a-pedido-do-cargo-efetivo-de-professor-de-educacao-fisica-vinculado-a-secretaria-municipal-de-educacao-ciencia-e-tecnologia-semect-na-estrutura-organizacion\/","title":{"rendered":"PORTARIA N\u00ba 736\/2021- RESOLVE EXONERAR, a pedido do Cargo efetivo de PROFESSOR DE EDUCA\u00c7\u00c3O F\u00cdSICA, vinculado \u00e0 Secretaria Municipal de Educa\u00e7\u00e3o, Ci\u00eancia e Tecnologia &#8211; SEMECT na Estrutura Organizacional do Poder Executivo, o Sr. FRANCISCO DANIEL SOUSA CARVALHO"},"content":{"rendered":"","protected":false},"excerpt":{"rendered":"","protected":false},"author":6,"featured_media":0,"comment_status":"open","ping_status":"closed","sticky":false,"template":"","format":"standard","meta":{"_acf_changed":false,"footnotes":""},"categories":[4],"tags":[],"mes":[32],"ano":[23],"secretarias":[],"class_list":["post-8285","post","type-post","status-publish","format-standard","hentry","category-portarias","mes-setembro","ano-23"],"acf":{"documento":"https:\/\/saobernardo.ma.gov.br\/transparencia\/wp-content\/uploads\/2021\/09\/PORTARIA-736-2021.pdf","link_csv":""},"_links":{"self":[{"href":"https:\/\/saobernardo.ma.gov.br\/transparencia\/wp-json\/wp\/v2\/posts\/8285","targetHints":{"allow":["GET"]}}],"collection":[{"href":"https:\/\/saobernardo.ma.gov.br\/transparencia\/wp-json\/wp\/v2\/posts"}],"about":[{"href":"https:\/\/saobernardo.ma.gov.br\/transparencia\/wp-json\/wp\/v2\/types\/post"}],"author":[{"embeddable":true,"href":"https:\/\/saobernardo.ma.gov.br\/transparencia\/wp-json\/wp\/v2\/users\/6"}],"replies":[{"embeddable":true,"href":"https:\/\/saobernardo.ma.gov.br\/transparencia\/wp-json\/wp\/v2\/comments?post=8285"}],"version-history":[{"count":1,"href":"https:\/\/saobernardo.ma.gov.br\/transparencia\/wp-json\/wp\/v2\/posts\/8285\/revisions"}],"predecessor-version":[{"id":8287,"href":"https:\/\/saobernardo.ma.gov.br\/transparencia\/wp-json\/wp\/v2\/posts\/8285\/revisions\/8287"}],"wp:attachment":[{"href":"https:\/\/saobernardo.ma.gov.br\/transparencia\/wp-json\/wp\/v2\/media?parent=8285"}],"wp:term":[{"taxonomy":"category","embeddable":true,"href":"https:\/\/saobernardo.ma.gov.br\/transparencia\/wp-json\/wp\/v2\/categories?post=8285"},{"taxonomy":"post_tag","embeddable":true,"href":"https:\/\/saobernardo.ma.gov.br\/transparencia\/wp-json\/wp\/v2\/tags?post=8285"},{"taxonomy":"mes","embeddable":true,"href":"https:\/\/saobernardo.ma.gov.br\/transparencia\/wp-json\/wp\/v2\/mes?post=8285"},{"taxonomy":"ano","embeddable":true,"href":"https:\/\/saobernardo.ma.gov.br\/transparencia\/wp-json\/wp\/v2\/ano?post=8285"},{"taxonomy":"secretarias","embeddable":true,"href":"https:\/\/saobernardo.ma.gov.br\/transparencia\/wp-json\/wp\/v2\/secretarias?post=8285"}],"curies":[{"name":"wp","href":"https:\/\/api.w.org\/{rel}","templated":true}]}}