 {"id":8344,"date":"2021-09-16T09:13:57","date_gmt":"2021-09-16T12:13:57","guid":{"rendered":"https:\/\/saobernardo.ma.gov.br\/transparencia\/?p=8344"},"modified":"2023-06-21T14:52:08","modified_gmt":"2023-06-21T17:52:08","slug":"portaria-no-744-2021-resolve-nomear-no-cargo-em-comissao-de-chefe-do-departamento-de-transporte-dai-da-secretaria-municipal-de-educacao-ciencia-tecnologia-e-inovacao-semecti","status":"publish","type":"post","link":"https:\/\/saobernardo.ma.gov.br\/transparencia\/portarias\/portaria-no-744-2021-resolve-nomear-no-cargo-em-comissao-de-chefe-do-departamento-de-transporte-dai-da-secretaria-municipal-de-educacao-ciencia-tecnologia-e-inovacao-semecti\/","title":{"rendered":"PORTARIA N\u00ba 744\/2021- RESOLVE NOMEAR, no Cargo em Comiss\u00e3o de Chefe do Departamento de Transporte \u2013 DAI, da Secretaria Municipal de Educa\u00e7\u00e3o, Ci\u00eancia, Tecnologia e Inova\u00e7\u00e3o \u2013 SEMECTI, da Estrutura Organizacional do Poder Executivo, o Sr. WAGNER CARVALHO SILVA"},"content":{"rendered":"","protected":false},"excerpt":{"rendered":"","protected":false},"author":6,"featured_media":0,"comment_status":"open","ping_status":"closed","sticky":false,"template":"","format":"standard","meta":{"_acf_changed":false,"footnotes":""},"categories":[4],"tags":[],"mes":[32],"ano":[23],"secretarias":[],"class_list":["post-8344","post","type-post","status-publish","format-standard","hentry","category-portarias","mes-setembro","ano-23"],"acf":{"documento":"https:\/\/saobernardo.ma.gov.br\/transparencia\/wp-content\/uploads\/2021\/09\/PORTARIA-744-2021.pdf","link_csv":"","situacao_da_portaria":"REVOGADA"},"_links":{"self":[{"href":"https:\/\/saobernardo.ma.gov.br\/transparencia\/wp-json\/wp\/v2\/posts\/8344","targetHints":{"allow":["GET"]}}],"collection":[{"href":"https:\/\/saobernardo.ma.gov.br\/transparencia\/wp-json\/wp\/v2\/posts"}],"about":[{"href":"https:\/\/saobernardo.ma.gov.br\/transparencia\/wp-json\/wp\/v2\/types\/post"}],"author":[{"embeddable":true,"href":"https:\/\/saobernardo.ma.gov.br\/transparencia\/wp-json\/wp\/v2\/users\/6"}],"replies":[{"embeddable":true,"href":"https:\/\/saobernardo.ma.gov.br\/transparencia\/wp-json\/wp\/v2\/comments?post=8344"}],"version-history":[{"count":3,"href":"https:\/\/saobernardo.ma.gov.br\/transparencia\/wp-json\/wp\/v2\/posts\/8344\/revisions"}],"predecessor-version":[{"id":10351,"href":"https:\/\/saobernardo.ma.gov.br\/transparencia\/wp-json\/wp\/v2\/posts\/8344\/revisions\/10351"}],"wp:attachment":[{"href":"https:\/\/saobernardo.ma.gov.br\/transparencia\/wp-json\/wp\/v2\/media?parent=8344"}],"wp:term":[{"taxonomy":"category","embeddable":true,"href":"https:\/\/saobernardo.ma.gov.br\/transparencia\/wp-json\/wp\/v2\/categories?post=8344"},{"taxonomy":"post_tag","embeddable":true,"href":"https:\/\/saobernardo.ma.gov.br\/transparencia\/wp-json\/wp\/v2\/tags?post=8344"},{"taxonomy":"mes","embeddable":true,"href":"https:\/\/saobernardo.ma.gov.br\/transparencia\/wp-json\/wp\/v2\/mes?post=8344"},{"taxonomy":"ano","embeddable":true,"href":"https:\/\/saobernardo.ma.gov.br\/transparencia\/wp-json\/wp\/v2\/ano?post=8344"},{"taxonomy":"secretarias","embeddable":true,"href":"https:\/\/saobernardo.ma.gov.br\/transparencia\/wp-json\/wp\/v2\/secretarias?post=8344"}],"curies":[{"name":"wp","href":"https:\/\/api.w.org\/{rel}","templated":true}]}}