 {"id":8378,"date":"2021-09-16T09:41:03","date_gmt":"2021-09-16T12:41:03","guid":{"rendered":"https:\/\/saobernardo.ma.gov.br\/transparencia\/?p=8378"},"modified":"2023-06-21T14:50:34","modified_gmt":"2023-06-21T17:50:34","slug":"portaria-no-755-2021-resolve-nomear-no-cargo-em-comissao-de-chefe-de-gabinete-dans-da-secretaria-municipal-de-educacao-ciencia-tecnologia-e-inovacao-semecti-da-estrutura-orga","status":"publish","type":"post","link":"https:\/\/saobernardo.ma.gov.br\/transparencia\/portarias\/portaria-no-755-2021-resolve-nomear-no-cargo-em-comissao-de-chefe-de-gabinete-dans-da-secretaria-municipal-de-educacao-ciencia-tecnologia-e-inovacao-semecti-da-estrutura-orga\/","title":{"rendered":"PORTARIA N\u00ba 755\/2021- RESOLVE NOMEAR, no Cargo em Comiss\u00e3o de Chefe de Gabinete \u2013 DANS, da Secretaria Municipal de Educa\u00e7\u00e3o, Ci\u00eancia, Tecnologia e Inova\u00e7\u00e3o \u2013 SEMECTI, da Estrutura Organizacional do Poder Executivo, a Sra. ELONEIDA MARIA DE CARVALHO SPINDOLA"},"content":{"rendered":"","protected":false},"excerpt":{"rendered":"","protected":false},"author":6,"featured_media":0,"comment_status":"open","ping_status":"closed","sticky":false,"template":"","format":"standard","meta":{"_acf_changed":false,"footnotes":""},"categories":[4],"tags":[],"mes":[32],"ano":[23],"secretarias":[],"class_list":["post-8378","post","type-post","status-publish","format-standard","hentry","category-portarias","mes-setembro","ano-23"],"acf":{"documento":"https:\/\/saobernardo.ma.gov.br\/transparencia\/wp-content\/uploads\/2021\/09\/PORTARIA-755-2021.pdf","link_csv":"","situacao_da_portaria":"REVOGADA"},"_links":{"self":[{"href":"https:\/\/saobernardo.ma.gov.br\/transparencia\/wp-json\/wp\/v2\/posts\/8378","targetHints":{"allow":["GET"]}}],"collection":[{"href":"https:\/\/saobernardo.ma.gov.br\/transparencia\/wp-json\/wp\/v2\/posts"}],"about":[{"href":"https:\/\/saobernardo.ma.gov.br\/transparencia\/wp-json\/wp\/v2\/types\/post"}],"author":[{"embeddable":true,"href":"https:\/\/saobernardo.ma.gov.br\/transparencia\/wp-json\/wp\/v2\/users\/6"}],"replies":[{"embeddable":true,"href":"https:\/\/saobernardo.ma.gov.br\/transparencia\/wp-json\/wp\/v2\/comments?post=8378"}],"version-history":[{"count":2,"href":"https:\/\/saobernardo.ma.gov.br\/transparencia\/wp-json\/wp\/v2\/posts\/8378\/revisions"}],"predecessor-version":[{"id":10340,"href":"https:\/\/saobernardo.ma.gov.br\/transparencia\/wp-json\/wp\/v2\/posts\/8378\/revisions\/10340"}],"wp:attachment":[{"href":"https:\/\/saobernardo.ma.gov.br\/transparencia\/wp-json\/wp\/v2\/media?parent=8378"}],"wp:term":[{"taxonomy":"category","embeddable":true,"href":"https:\/\/saobernardo.ma.gov.br\/transparencia\/wp-json\/wp\/v2\/categories?post=8378"},{"taxonomy":"post_tag","embeddable":true,"href":"https:\/\/saobernardo.ma.gov.br\/transparencia\/wp-json\/wp\/v2\/tags?post=8378"},{"taxonomy":"mes","embeddable":true,"href":"https:\/\/saobernardo.ma.gov.br\/transparencia\/wp-json\/wp\/v2\/mes?post=8378"},{"taxonomy":"ano","embeddable":true,"href":"https:\/\/saobernardo.ma.gov.br\/transparencia\/wp-json\/wp\/v2\/ano?post=8378"},{"taxonomy":"secretarias","embeddable":true,"href":"https:\/\/saobernardo.ma.gov.br\/transparencia\/wp-json\/wp\/v2\/secretarias?post=8378"}],"curies":[{"name":"wp","href":"https:\/\/api.w.org\/{rel}","templated":true}]}}