 {"id":8387,"date":"2021-09-16T09:48:48","date_gmt":"2021-09-16T12:48:48","guid":{"rendered":"https:\/\/saobernardo.ma.gov.br\/transparencia\/?p=8387"},"modified":"2023-06-21T14:50:09","modified_gmt":"2023-06-21T17:50:09","slug":"portaria-no-758-2021-resolve-nomear-no-cargo-em-comissao-de-coordenador-de-programas-de-politicas-educacionais-dans-da-secretaria-municipal-de-educacao-ciencia-tecnologia-e-inovacao","status":"publish","type":"post","link":"https:\/\/saobernardo.ma.gov.br\/transparencia\/portarias\/portaria-no-758-2021-resolve-nomear-no-cargo-em-comissao-de-coordenador-de-programas-de-politicas-educacionais-dans-da-secretaria-municipal-de-educacao-ciencia-tecnologia-e-inovacao\/","title":{"rendered":"PORTARIA N\u00ba 758\/2021-RESOLVE NOMEAR, no Cargo em Comiss\u00e3o de Coordenador de Programas de Pol\u00edticas Educacionais \u2013 DANS, da Secretaria Municipal de Educa\u00e7\u00e3o, Ci\u00eancia, Tecnologia e Inova\u00e7\u00e3o \u2013 SEMECTI, da Estrutura Organizacional do Poder Executivo, o Sr. EDILBERTO DE OLIVEIRA MARQUES"},"content":{"rendered":"","protected":false},"excerpt":{"rendered":"","protected":false},"author":6,"featured_media":0,"comment_status":"open","ping_status":"closed","sticky":false,"template":"","format":"standard","meta":{"_acf_changed":false,"footnotes":""},"categories":[4],"tags":[],"mes":[32],"ano":[23],"secretarias":[],"class_list":["post-8387","post","type-post","status-publish","format-standard","hentry","category-portarias","mes-setembro","ano-23"],"acf":{"documento":"https:\/\/saobernardo.ma.gov.br\/transparencia\/wp-content\/uploads\/2021\/09\/PORTARIA-758-2021.pdf","link_csv":"","situacao_da_portaria":"REVOGADA"},"_links":{"self":[{"href":"https:\/\/saobernardo.ma.gov.br\/transparencia\/wp-json\/wp\/v2\/posts\/8387","targetHints":{"allow":["GET"]}}],"collection":[{"href":"https:\/\/saobernardo.ma.gov.br\/transparencia\/wp-json\/wp\/v2\/posts"}],"about":[{"href":"https:\/\/saobernardo.ma.gov.br\/transparencia\/wp-json\/wp\/v2\/types\/post"}],"author":[{"embeddable":true,"href":"https:\/\/saobernardo.ma.gov.br\/transparencia\/wp-json\/wp\/v2\/users\/6"}],"replies":[{"embeddable":true,"href":"https:\/\/saobernardo.ma.gov.br\/transparencia\/wp-json\/wp\/v2\/comments?post=8387"}],"version-history":[{"count":2,"href":"https:\/\/saobernardo.ma.gov.br\/transparencia\/wp-json\/wp\/v2\/posts\/8387\/revisions"}],"predecessor-version":[{"id":10337,"href":"https:\/\/saobernardo.ma.gov.br\/transparencia\/wp-json\/wp\/v2\/posts\/8387\/revisions\/10337"}],"wp:attachment":[{"href":"https:\/\/saobernardo.ma.gov.br\/transparencia\/wp-json\/wp\/v2\/media?parent=8387"}],"wp:term":[{"taxonomy":"category","embeddable":true,"href":"https:\/\/saobernardo.ma.gov.br\/transparencia\/wp-json\/wp\/v2\/categories?post=8387"},{"taxonomy":"post_tag","embeddable":true,"href":"https:\/\/saobernardo.ma.gov.br\/transparencia\/wp-json\/wp\/v2\/tags?post=8387"},{"taxonomy":"mes","embeddable":true,"href":"https:\/\/saobernardo.ma.gov.br\/transparencia\/wp-json\/wp\/v2\/mes?post=8387"},{"taxonomy":"ano","embeddable":true,"href":"https:\/\/saobernardo.ma.gov.br\/transparencia\/wp-json\/wp\/v2\/ano?post=8387"},{"taxonomy":"secretarias","embeddable":true,"href":"https:\/\/saobernardo.ma.gov.br\/transparencia\/wp-json\/wp\/v2\/secretarias?post=8387"}],"curies":[{"name":"wp","href":"https:\/\/api.w.org\/{rel}","templated":true}]}}