 {"id":8481,"date":"2021-09-27T16:34:06","date_gmt":"2021-09-27T19:34:06","guid":{"rendered":"https:\/\/saobernardo.ma.gov.br\/transparencia\/?p=8481"},"modified":"2023-06-21T14:47:23","modified_gmt":"2023-06-21T17:47:23","slug":"portaria-no-772-2021-dispoe-sobre-nomeacao-do-cargo-em-comissao-secretaria-municipal-da-secretaria-municipal-de-meio-ambiente-na-estrutura-organizacional-do-poder-executivo-e-da-outras-providencia","status":"publish","type":"post","link":"https:\/\/saobernardo.ma.gov.br\/transparencia\/portarias\/portaria-no-772-2021-dispoe-sobre-nomeacao-do-cargo-em-comissao-secretaria-municipal-da-secretaria-municipal-de-meio-ambiente-na-estrutura-organizacional-do-poder-executivo-e-da-outras-providencia\/","title":{"rendered":"PORTARIA N\u00ba 772\/2021 &#8211; &#8220;DISP\u00d4E SOBRE NOMEA\u00c7\u00c3O DO CARGO EM COMISS\u00c3O SECRET\u00c1RIA MUNICIPAL DA SECRETARIA MUNICIPAL DE MEIO AMBIENTE NA ESTRUTURA ORGANIZACIONAL DO PODER EXECUTIVO E D\u00c1 OUTRAS PROVID\u00caNCIAS.&#8221;"},"content":{"rendered":"","protected":false},"excerpt":{"rendered":"","protected":false},"author":8,"featured_media":0,"comment_status":"open","ping_status":"closed","sticky":false,"template":"","format":"standard","meta":{"_acf_changed":false,"footnotes":""},"categories":[4],"tags":[],"mes":[32],"ano":[23],"secretarias":[],"class_list":["post-8481","post","type-post","status-publish","format-standard","hentry","category-portarias","mes-setembro","ano-23"],"acf":{"documento":"https:\/\/saobernardo.ma.gov.br\/transparencia\/wp-content\/uploads\/2021\/09\/PORTARIA-772-2021-1.pdf","link_csv":"","situacao_da_portaria":"REVOGADA"},"_links":{"self":[{"href":"https:\/\/saobernardo.ma.gov.br\/transparencia\/wp-json\/wp\/v2\/posts\/8481","targetHints":{"allow":["GET"]}}],"collection":[{"href":"https:\/\/saobernardo.ma.gov.br\/transparencia\/wp-json\/wp\/v2\/posts"}],"about":[{"href":"https:\/\/saobernardo.ma.gov.br\/transparencia\/wp-json\/wp\/v2\/types\/post"}],"author":[{"embeddable":true,"href":"https:\/\/saobernardo.ma.gov.br\/transparencia\/wp-json\/wp\/v2\/users\/8"}],"replies":[{"embeddable":true,"href":"https:\/\/saobernardo.ma.gov.br\/transparencia\/wp-json\/wp\/v2\/comments?post=8481"}],"version-history":[{"count":4,"href":"https:\/\/saobernardo.ma.gov.br\/transparencia\/wp-json\/wp\/v2\/posts\/8481\/revisions"}],"predecessor-version":[{"id":10318,"href":"https:\/\/saobernardo.ma.gov.br\/transparencia\/wp-json\/wp\/v2\/posts\/8481\/revisions\/10318"}],"wp:attachment":[{"href":"https:\/\/saobernardo.ma.gov.br\/transparencia\/wp-json\/wp\/v2\/media?parent=8481"}],"wp:term":[{"taxonomy":"category","embeddable":true,"href":"https:\/\/saobernardo.ma.gov.br\/transparencia\/wp-json\/wp\/v2\/categories?post=8481"},{"taxonomy":"post_tag","embeddable":true,"href":"https:\/\/saobernardo.ma.gov.br\/transparencia\/wp-json\/wp\/v2\/tags?post=8481"},{"taxonomy":"mes","embeddable":true,"href":"https:\/\/saobernardo.ma.gov.br\/transparencia\/wp-json\/wp\/v2\/mes?post=8481"},{"taxonomy":"ano","embeddable":true,"href":"https:\/\/saobernardo.ma.gov.br\/transparencia\/wp-json\/wp\/v2\/ano?post=8481"},{"taxonomy":"secretarias","embeddable":true,"href":"https:\/\/saobernardo.ma.gov.br\/transparencia\/wp-json\/wp\/v2\/secretarias?post=8481"}],"curies":[{"name":"wp","href":"https:\/\/api.w.org\/{rel}","templated":true}]}}