 {"id":8635,"date":"2021-10-11T16:26:42","date_gmt":"2021-10-11T19:26:42","guid":{"rendered":"https:\/\/saobernardo.ma.gov.br\/transparencia\/?p=8635"},"modified":"2023-06-21T14:46:23","modified_gmt":"2023-06-21T17:46:23","slug":"portaria-no-774-2021-resolve-nomear-para-o-cargo-em-comissao-de-assessor-juridico-dans-da-prefeitura-municipal-de-sao-bernardo-na-estrutura-organizacional-do-poder-executivo-o-sr-eder-oliveira","status":"publish","type":"post","link":"https:\/\/saobernardo.ma.gov.br\/transparencia\/portarias\/portaria-no-774-2021-resolve-nomear-para-o-cargo-em-comissao-de-assessor-juridico-dans-da-prefeitura-municipal-de-sao-bernardo-na-estrutura-organizacional-do-poder-executivo-o-sr-eder-oliveira\/","title":{"rendered":"PORTARIA N\u00ba 774\/2021- RESOLVE NOMEAR, para o Cargo em comiss\u00e3o de ASSESSOR JUR\u00cdDICO -DANS &#8211; da Prefeitura municipal de S\u00e3o Bernardo na Estrutura Organizacional do Poder Executivo, o Sr. \u00c9DER OLIVEIRA FERREIRA DE SOUSA"},"content":{"rendered":"","protected":false},"excerpt":{"rendered":"","protected":false},"author":6,"featured_media":0,"comment_status":"open","ping_status":"closed","sticky":false,"template":"","format":"standard","meta":{"_acf_changed":false,"footnotes":""},"categories":[4],"tags":[],"mes":[33],"ano":[23],"secretarias":[],"class_list":["post-8635","post","type-post","status-publish","format-standard","hentry","category-portarias","mes-outubro","ano-23"],"acf":{"documento":"https:\/\/saobernardo.ma.gov.br\/transparencia\/wp-content\/uploads\/2021\/10\/PORTARIA-774-2021.pdf","link_csv":"","situacao_da_portaria":"REVOGADA"},"_links":{"self":[{"href":"https:\/\/saobernardo.ma.gov.br\/transparencia\/wp-json\/wp\/v2\/posts\/8635","targetHints":{"allow":["GET"]}}],"collection":[{"href":"https:\/\/saobernardo.ma.gov.br\/transparencia\/wp-json\/wp\/v2\/posts"}],"about":[{"href":"https:\/\/saobernardo.ma.gov.br\/transparencia\/wp-json\/wp\/v2\/types\/post"}],"author":[{"embeddable":true,"href":"https:\/\/saobernardo.ma.gov.br\/transparencia\/wp-json\/wp\/v2\/users\/6"}],"replies":[{"embeddable":true,"href":"https:\/\/saobernardo.ma.gov.br\/transparencia\/wp-json\/wp\/v2\/comments?post=8635"}],"version-history":[{"count":2,"href":"https:\/\/saobernardo.ma.gov.br\/transparencia\/wp-json\/wp\/v2\/posts\/8635\/revisions"}],"predecessor-version":[{"id":10316,"href":"https:\/\/saobernardo.ma.gov.br\/transparencia\/wp-json\/wp\/v2\/posts\/8635\/revisions\/10316"}],"wp:attachment":[{"href":"https:\/\/saobernardo.ma.gov.br\/transparencia\/wp-json\/wp\/v2\/media?parent=8635"}],"wp:term":[{"taxonomy":"category","embeddable":true,"href":"https:\/\/saobernardo.ma.gov.br\/transparencia\/wp-json\/wp\/v2\/categories?post=8635"},{"taxonomy":"post_tag","embeddable":true,"href":"https:\/\/saobernardo.ma.gov.br\/transparencia\/wp-json\/wp\/v2\/tags?post=8635"},{"taxonomy":"mes","embeddable":true,"href":"https:\/\/saobernardo.ma.gov.br\/transparencia\/wp-json\/wp\/v2\/mes?post=8635"},{"taxonomy":"ano","embeddable":true,"href":"https:\/\/saobernardo.ma.gov.br\/transparencia\/wp-json\/wp\/v2\/ano?post=8635"},{"taxonomy":"secretarias","embeddable":true,"href":"https:\/\/saobernardo.ma.gov.br\/transparencia\/wp-json\/wp\/v2\/secretarias?post=8635"}],"curies":[{"name":"wp","href":"https:\/\/api.w.org\/{rel}","templated":true}]}}