 {"id":876,"date":"2019-01-25T10:44:22","date_gmt":"2019-01-25T12:44:22","guid":{"rendered":"http:\/\/saobernardo.ma.gov.br\/gestaopublica\/?p=876"},"modified":"2023-06-22T09:07:21","modified_gmt":"2023-06-22T12:07:21","slug":"portaria-n-348-de-25-de-janeito-de-2019-dispoe-sobre-o-adiamento-da-data-para-nomeacao-e-posse-dos-convocados-no-edital-n-01-2019","status":"publish","type":"post","link":"https:\/\/saobernardo.ma.gov.br\/transparencia\/portarias\/portaria-n-348-de-25-de-janeito-de-2019-dispoe-sobre-o-adiamento-da-data-para-nomeacao-e-posse-dos-convocados-no-edital-n-01-2019\/","title":{"rendered":"Portaria N\u00b0 348, de 25 de Janeito de 2019, Disp\u00f5e sobre o adiamento da data para nomea\u00e7\u00e3o e posse dos convocados no Edital N\u00b0 01\/2019."},"content":{"rendered":"<p><a <a href=\"http:\/\/saobernardo.ma.gov.br\/transparencia\/wp-content\/uploads\/2019\/01\/Portaria-N\u00b0-348-de-25-de-Janeito-de-2019-Disp\u00f5e-sobre-o-adiamento-da-data-para-nomea\u00e7\u00e3o-e-posse-dos-convocados.pdf\" target=\"_blank\">download\u00a0<\/a><\/p>\n","protected":false},"excerpt":{"rendered":"","protected":false},"author":2,"featured_media":0,"comment_status":"open","ping_status":"closed","sticky":false,"template":"","format":"standard","meta":{"_acf_changed":false,"footnotes":""},"categories":[4],"tags":[],"mes":[24],"ano":[37],"secretarias":[],"class_list":["post-876","post","type-post","status-publish","format-standard","hentry","category-portarias","mes-janeiro","ano-37"],"acf":{"link_csv":"http:\/\/saobernardo.ma.gov.br\/transparencia\/wp-content\/uploads\/2019\/01\/Portaria-N\u00b0-348-de-25-de-Janeito-de-2019-Disp\u00f5e-sobre-o-adiamento-da-data-para-nomea\u00e7\u00e3o-e-posse-dos-convocados.pdf"},"_links":{"self":[{"href":"https:\/\/saobernardo.ma.gov.br\/transparencia\/wp-json\/wp\/v2\/posts\/876","targetHints":{"allow":["GET"]}}],"collection":[{"href":"https:\/\/saobernardo.ma.gov.br\/transparencia\/wp-json\/wp\/v2\/posts"}],"about":[{"href":"https:\/\/saobernardo.ma.gov.br\/transparencia\/wp-json\/wp\/v2\/types\/post"}],"author":[{"embeddable":true,"href":"https:\/\/saobernardo.ma.gov.br\/transparencia\/wp-json\/wp\/v2\/users\/2"}],"replies":[{"embeddable":true,"href":"https:\/\/saobernardo.ma.gov.br\/transparencia\/wp-json\/wp\/v2\/comments?post=876"}],"version-history":[{"count":1,"href":"https:\/\/saobernardo.ma.gov.br\/transparencia\/wp-json\/wp\/v2\/posts\/876\/revisions"}],"predecessor-version":[{"id":878,"href":"https:\/\/saobernardo.ma.gov.br\/transparencia\/wp-json\/wp\/v2\/posts\/876\/revisions\/878"}],"wp:attachment":[{"href":"https:\/\/saobernardo.ma.gov.br\/transparencia\/wp-json\/wp\/v2\/media?parent=876"}],"wp:term":[{"taxonomy":"category","embeddable":true,"href":"https:\/\/saobernardo.ma.gov.br\/transparencia\/wp-json\/wp\/v2\/categories?post=876"},{"taxonomy":"post_tag","embeddable":true,"href":"https:\/\/saobernardo.ma.gov.br\/transparencia\/wp-json\/wp\/v2\/tags?post=876"},{"taxonomy":"mes","embeddable":true,"href":"https:\/\/saobernardo.ma.gov.br\/transparencia\/wp-json\/wp\/v2\/mes?post=876"},{"taxonomy":"ano","embeddable":true,"href":"https:\/\/saobernardo.ma.gov.br\/transparencia\/wp-json\/wp\/v2\/ano?post=876"},{"taxonomy":"secretarias","embeddable":true,"href":"https:\/\/saobernardo.ma.gov.br\/transparencia\/wp-json\/wp\/v2\/secretarias?post=876"}],"curies":[{"name":"wp","href":"https:\/\/api.w.org\/{rel}","templated":true}]}}