 {"id":8959,"date":"2021-12-01T06:15:26","date_gmt":"2021-12-01T09:15:26","guid":{"rendered":"https:\/\/saobernardo.ma.gov.br\/transparencia\/?p=8959"},"modified":"2023-06-13T16:14:40","modified_gmt":"2023-06-13T19:14:40","slug":"decreto-municipal-no-156-de-30-de-novembro-de-2021-declara-luto-oficial-em-todo-o-municipio-pelo-periodo-de-tres-dias-contados-da-data-de-publicacao-deste-decreto-em-sinal-de-pesar-pelo-faleci","status":"publish","type":"post","link":"https:\/\/saobernardo.ma.gov.br\/transparencia\/decretos\/decreto-municipal-no-156-de-30-de-novembro-de-2021-declara-luto-oficial-em-todo-o-municipio-pelo-periodo-de-tres-dias-contados-da-data-de-publicacao-deste-decreto-em-sinal-de-pesar-pelo-faleci\/","title":{"rendered":"DECRETO MUNICIPAL N\u00ba 156, DE 30 DE NOVEMBRO DE 2021- &#8221; DECLARA LUTO OFICIAL EM TODO O MUNIC\u00cdPIO, PELO PER\u00cdODO DE TR\u00caS DIAS, CONTADOS DA DATA DE PUBLICA\u00c7\u00c3O DESTE DECRETO, EM SINAL DE PESAR PELO FALECIMENTO DOS MUNIC\u00cdPES JOCASTRA LIONEL SILVA AGUIAR, MARIA DO ROS\u00c1RIO TEIXEIRA BARROS E MANOEL LIMA COSTA, E D\u00c1 OUTRAS PROVID\u00caNCIAS&#8221;."},"content":{"rendered":"","protected":false},"excerpt":{"rendered":"","protected":false},"author":6,"featured_media":0,"comment_status":"open","ping_status":"closed","sticky":false,"template":"","format":"standard","meta":{"_acf_changed":false,"footnotes":""},"categories":[3],"tags":[],"mes":[34],"ano":[23],"secretarias":[],"class_list":["post-8959","post","type-post","status-publish","format-standard","hentry","category-decretos","mes-novembro","ano-23"],"acf":{"documento":"https:\/\/saobernardo.ma.gov.br\/transparencia\/wp-content\/uploads\/2021\/12\/LUTO-1.pdf","link_csv":""},"_links":{"self":[{"href":"https:\/\/saobernardo.ma.gov.br\/transparencia\/wp-json\/wp\/v2\/posts\/8959","targetHints":{"allow":["GET"]}}],"collection":[{"href":"https:\/\/saobernardo.ma.gov.br\/transparencia\/wp-json\/wp\/v2\/posts"}],"about":[{"href":"https:\/\/saobernardo.ma.gov.br\/transparencia\/wp-json\/wp\/v2\/types\/post"}],"author":[{"embeddable":true,"href":"https:\/\/saobernardo.ma.gov.br\/transparencia\/wp-json\/wp\/v2\/users\/6"}],"replies":[{"embeddable":true,"href":"https:\/\/saobernardo.ma.gov.br\/transparencia\/wp-json\/wp\/v2\/comments?post=8959"}],"version-history":[{"count":1,"href":"https:\/\/saobernardo.ma.gov.br\/transparencia\/wp-json\/wp\/v2\/posts\/8959\/revisions"}],"predecessor-version":[{"id":8961,"href":"https:\/\/saobernardo.ma.gov.br\/transparencia\/wp-json\/wp\/v2\/posts\/8959\/revisions\/8961"}],"wp:attachment":[{"href":"https:\/\/saobernardo.ma.gov.br\/transparencia\/wp-json\/wp\/v2\/media?parent=8959"}],"wp:term":[{"taxonomy":"category","embeddable":true,"href":"https:\/\/saobernardo.ma.gov.br\/transparencia\/wp-json\/wp\/v2\/categories?post=8959"},{"taxonomy":"post_tag","embeddable":true,"href":"https:\/\/saobernardo.ma.gov.br\/transparencia\/wp-json\/wp\/v2\/tags?post=8959"},{"taxonomy":"mes","embeddable":true,"href":"https:\/\/saobernardo.ma.gov.br\/transparencia\/wp-json\/wp\/v2\/mes?post=8959"},{"taxonomy":"ano","embeddable":true,"href":"https:\/\/saobernardo.ma.gov.br\/transparencia\/wp-json\/wp\/v2\/ano?post=8959"},{"taxonomy":"secretarias","embeddable":true,"href":"https:\/\/saobernardo.ma.gov.br\/transparencia\/wp-json\/wp\/v2\/secretarias?post=8959"}],"curies":[{"name":"wp","href":"https:\/\/api.w.org\/{rel}","templated":true}]}}