 {"id":9030,"date":"2021-12-09T10:59:53","date_gmt":"2021-12-09T13:59:53","guid":{"rendered":"https:\/\/saobernardo.ma.gov.br\/transparencia\/?p=9030"},"modified":"2023-06-13T15:07:49","modified_gmt":"2023-06-13T18:07:49","slug":"decreto-municipal-no-157-de-09-de-dezembro-de-2021-dispoe-sobre-o-recesso-funcional-das-reparticoes-publicas-no-municipio-de-sao-beernrado-ma-no-periodo-de-20-de-dezembro-de-2021-a-02-de-janeir","status":"publish","type":"post","link":"https:\/\/saobernardo.ma.gov.br\/transparencia\/decretos\/decreto-municipal-no-157-de-09-de-dezembro-de-2021-dispoe-sobre-o-recesso-funcional-das-reparticoes-publicas-no-municipio-de-sao-beernrado-ma-no-periodo-de-20-de-dezembro-de-2021-a-02-de-janeir\/","title":{"rendered":"DECRETO MUNICIPAL N\u00ba 157, DE 09 DE DEZEMBRO DE 2021 -&#8221; DISP\u00d5E SOBRE O RECESSO FUNCIONAL DAS REPARTI\u00c7\u00d5ES P\u00daBLICAS NO MUNIC\u00cdPIO DE S\u00c3O BEERNRADO- MA, NO PER\u00cdODO DE 20 DE DEZEMBRO DE 2021 A 02 DE JANEIRO DE 2022, E D\u00c1 OUTRAS PROVI\u00caNCIAS&#8221;"},"content":{"rendered":"","protected":false},"excerpt":{"rendered":"","protected":false},"author":6,"featured_media":0,"comment_status":"open","ping_status":"closed","sticky":false,"template":"","format":"standard","meta":{"_acf_changed":false,"footnotes":""},"categories":[3],"tags":[],"mes":[24],"ano":[23],"secretarias":[],"class_list":["post-9030","post","type-post","status-publish","format-standard","hentry","category-decretos","mes-janeiro","ano-23"],"acf":{"documento":"https:\/\/saobernardo.ma.gov.br\/transparencia\/wp-content\/uploads\/2021\/12\/DECRETO-RECESSO.pdf","link_csv":""},"_links":{"self":[{"href":"https:\/\/saobernardo.ma.gov.br\/transparencia\/wp-json\/wp\/v2\/posts\/9030","targetHints":{"allow":["GET"]}}],"collection":[{"href":"https:\/\/saobernardo.ma.gov.br\/transparencia\/wp-json\/wp\/v2\/posts"}],"about":[{"href":"https:\/\/saobernardo.ma.gov.br\/transparencia\/wp-json\/wp\/v2\/types\/post"}],"author":[{"embeddable":true,"href":"https:\/\/saobernardo.ma.gov.br\/transparencia\/wp-json\/wp\/v2\/users\/6"}],"replies":[{"embeddable":true,"href":"https:\/\/saobernardo.ma.gov.br\/transparencia\/wp-json\/wp\/v2\/comments?post=9030"}],"version-history":[{"count":1,"href":"https:\/\/saobernardo.ma.gov.br\/transparencia\/wp-json\/wp\/v2\/posts\/9030\/revisions"}],"predecessor-version":[{"id":9032,"href":"https:\/\/saobernardo.ma.gov.br\/transparencia\/wp-json\/wp\/v2\/posts\/9030\/revisions\/9032"}],"wp:attachment":[{"href":"https:\/\/saobernardo.ma.gov.br\/transparencia\/wp-json\/wp\/v2\/media?parent=9030"}],"wp:term":[{"taxonomy":"category","embeddable":true,"href":"https:\/\/saobernardo.ma.gov.br\/transparencia\/wp-json\/wp\/v2\/categories?post=9030"},{"taxonomy":"post_tag","embeddable":true,"href":"https:\/\/saobernardo.ma.gov.br\/transparencia\/wp-json\/wp\/v2\/tags?post=9030"},{"taxonomy":"mes","embeddable":true,"href":"https:\/\/saobernardo.ma.gov.br\/transparencia\/wp-json\/wp\/v2\/mes?post=9030"},{"taxonomy":"ano","embeddable":true,"href":"https:\/\/saobernardo.ma.gov.br\/transparencia\/wp-json\/wp\/v2\/ano?post=9030"},{"taxonomy":"secretarias","embeddable":true,"href":"https:\/\/saobernardo.ma.gov.br\/transparencia\/wp-json\/wp\/v2\/secretarias?post=9030"}],"curies":[{"name":"wp","href":"https:\/\/api.w.org\/{rel}","templated":true}]}}