 {"id":904,"date":"2019-02-05T19:04:05","date_gmt":"2019-02-05T21:04:05","guid":{"rendered":"http:\/\/saobernardo.ma.gov.br\/gestaopublica\/?p=904"},"modified":"2023-06-13T14:03:21","modified_gmt":"2023-06-13T17:03:21","slug":"portaria-n-352-de-05-de-fevereiro-de-2019-dispoe-sobre-a-nomeacao-do-cargo-em-comissao-de-assessor-especial-nivel-ii-do-gabinete-do-prefeito-da-prefeitura-municipal-e-da-outras-providencias","status":"publish","type":"post","link":"https:\/\/saobernardo.ma.gov.br\/transparencia\/portarias\/portaria-n-352-de-05-de-fevereiro-de-2019-dispoe-sobre-a-nomeacao-do-cargo-em-comissao-de-assessor-especial-nivel-ii-do-gabinete-do-prefeito-da-prefeitura-municipal-e-da-outras-providencias\/","title":{"rendered":"Portaria N\u00b0 352 de 05 de fevereiro de 2019, disp\u00f5e sobre a nomea\u00e7\u00e3o do cargo em comiss\u00e3o de assessor especial n\u00edvel II, do gabinete do Prefeito, da Prefeitura Municipal, e d\u00e1 outras provid\u00eancias."},"content":{"rendered":"<p><a <a href=\"http:\/\/saobernardo.ma.gov.br\/transparencia\/wp-content\/uploads\/2019\/02\/Portaria-N\u00b0-352-de-05-de-fevereiro-de-2019-disp\u00f5e-sobre-a-nomea\u00e7\u00e3o-do-cargo-em-comiss\u00e3o-de-assessor-especial-n\u00edvel-II.pdf\" target=\"_blank\">download\u00a0<\/a><\/p>\n","protected":false},"excerpt":{"rendered":"","protected":false},"author":2,"featured_media":0,"comment_status":"open","ping_status":"closed","sticky":false,"template":"","format":"standard","meta":{"_acf_changed":false,"footnotes":""},"categories":[4],"tags":[],"mes":[25],"ano":[37],"secretarias":[],"class_list":["post-904","post","type-post","status-publish","format-standard","hentry","category-portarias","mes-fevereiro","ano-37"],"acf":{"link_csv":"http:\/\/saobernardo.ma.gov.br\/transparencia\/wp-content\/uploads\/2019\/02\/Portaria-N\u00b0-352-de-05-de-fevereiro-de-2019-disp\u00f5e-sobre-a-nomea\u00e7\u00e3o-do-cargo-em-comiss\u00e3o-de-assessor-especial-n\u00edvel-II.pdf"},"_links":{"self":[{"href":"https:\/\/saobernardo.ma.gov.br\/transparencia\/wp-json\/wp\/v2\/posts\/904","targetHints":{"allow":["GET"]}}],"collection":[{"href":"https:\/\/saobernardo.ma.gov.br\/transparencia\/wp-json\/wp\/v2\/posts"}],"about":[{"href":"https:\/\/saobernardo.ma.gov.br\/transparencia\/wp-json\/wp\/v2\/types\/post"}],"author":[{"embeddable":true,"href":"https:\/\/saobernardo.ma.gov.br\/transparencia\/wp-json\/wp\/v2\/users\/2"}],"replies":[{"embeddable":true,"href":"https:\/\/saobernardo.ma.gov.br\/transparencia\/wp-json\/wp\/v2\/comments?post=904"}],"version-history":[{"count":1,"href":"https:\/\/saobernardo.ma.gov.br\/transparencia\/wp-json\/wp\/v2\/posts\/904\/revisions"}],"predecessor-version":[{"id":906,"href":"https:\/\/saobernardo.ma.gov.br\/transparencia\/wp-json\/wp\/v2\/posts\/904\/revisions\/906"}],"wp:attachment":[{"href":"https:\/\/saobernardo.ma.gov.br\/transparencia\/wp-json\/wp\/v2\/media?parent=904"}],"wp:term":[{"taxonomy":"category","embeddable":true,"href":"https:\/\/saobernardo.ma.gov.br\/transparencia\/wp-json\/wp\/v2\/categories?post=904"},{"taxonomy":"post_tag","embeddable":true,"href":"https:\/\/saobernardo.ma.gov.br\/transparencia\/wp-json\/wp\/v2\/tags?post=904"},{"taxonomy":"mes","embeddable":true,"href":"https:\/\/saobernardo.ma.gov.br\/transparencia\/wp-json\/wp\/v2\/mes?post=904"},{"taxonomy":"ano","embeddable":true,"href":"https:\/\/saobernardo.ma.gov.br\/transparencia\/wp-json\/wp\/v2\/ano?post=904"},{"taxonomy":"secretarias","embeddable":true,"href":"https:\/\/saobernardo.ma.gov.br\/transparencia\/wp-json\/wp\/v2\/secretarias?post=904"}],"curies":[{"name":"wp","href":"https:\/\/api.w.org\/{rel}","templated":true}]}}