 {"id":9204,"date":"2022-01-10T13:38:01","date_gmt":"2022-01-10T16:38:01","guid":{"rendered":"https:\/\/saobernardo.ma.gov.br\/transparencia\/?p=9204"},"modified":"2023-06-13T13:55:14","modified_gmt":"2023-06-13T16:55:14","slug":"decreto-municipal-no-161-de-10-de-janeiro-de-2022-dispoe-sobre-a-proibicao-de-aglomeracoes-em-ambientes-publicos-e-privados-bem-como-a-obrigatoriedade-do-uso-de-mascaras-em-decorrencia-da","status":"publish","type":"post","link":"https:\/\/saobernardo.ma.gov.br\/transparencia\/decretos\/decreto-municipal-no-161-de-10-de-janeiro-de-2022-dispoe-sobre-a-proibicao-de-aglomeracoes-em-ambientes-publicos-e-privados-bem-como-a-obrigatoriedade-do-uso-de-mascaras-em-decorrencia-da\/","title":{"rendered":"DECRETO MUNICIPAL N\u00ba 161, DE 10 DE JANEIRO DE 2022 &#8211; \u201cDisp\u00f5e sobre a proibi\u00e7\u00e3o de aglomera\u00e7\u00f5es em ambientes p\u00fablicos e privados, bem como a obrigatoriedade do uso de m\u00e1scaras em decorr\u00eancia da pandemia do Corona-V\u00edrus; e d\u00e1 outras provid\u00eancias\u201d."},"content":{"rendered":"","protected":false},"excerpt":{"rendered":"","protected":false},"author":6,"featured_media":0,"comment_status":"open","ping_status":"closed","sticky":false,"template":"","format":"standard","meta":{"_acf_changed":false,"footnotes":""},"categories":[3],"tags":[],"mes":[24],"ano":[22],"secretarias":[],"class_list":["post-9204","post","type-post","status-publish","format-standard","hentry","category-decretos","mes-janeiro","ano-22"],"acf":{"documento":"https:\/\/saobernardo.ma.gov.br\/transparencia\/wp-content\/uploads\/2022\/01\/DECRETO-No-161-CONVID-19.pdf","link_csv":""},"_links":{"self":[{"href":"https:\/\/saobernardo.ma.gov.br\/transparencia\/wp-json\/wp\/v2\/posts\/9204","targetHints":{"allow":["GET"]}}],"collection":[{"href":"https:\/\/saobernardo.ma.gov.br\/transparencia\/wp-json\/wp\/v2\/posts"}],"about":[{"href":"https:\/\/saobernardo.ma.gov.br\/transparencia\/wp-json\/wp\/v2\/types\/post"}],"author":[{"embeddable":true,"href":"https:\/\/saobernardo.ma.gov.br\/transparencia\/wp-json\/wp\/v2\/users\/6"}],"replies":[{"embeddable":true,"href":"https:\/\/saobernardo.ma.gov.br\/transparencia\/wp-json\/wp\/v2\/comments?post=9204"}],"version-history":[{"count":1,"href":"https:\/\/saobernardo.ma.gov.br\/transparencia\/wp-json\/wp\/v2\/posts\/9204\/revisions"}],"predecessor-version":[{"id":9206,"href":"https:\/\/saobernardo.ma.gov.br\/transparencia\/wp-json\/wp\/v2\/posts\/9204\/revisions\/9206"}],"wp:attachment":[{"href":"https:\/\/saobernardo.ma.gov.br\/transparencia\/wp-json\/wp\/v2\/media?parent=9204"}],"wp:term":[{"taxonomy":"category","embeddable":true,"href":"https:\/\/saobernardo.ma.gov.br\/transparencia\/wp-json\/wp\/v2\/categories?post=9204"},{"taxonomy":"post_tag","embeddable":true,"href":"https:\/\/saobernardo.ma.gov.br\/transparencia\/wp-json\/wp\/v2\/tags?post=9204"},{"taxonomy":"mes","embeddable":true,"href":"https:\/\/saobernardo.ma.gov.br\/transparencia\/wp-json\/wp\/v2\/mes?post=9204"},{"taxonomy":"ano","embeddable":true,"href":"https:\/\/saobernardo.ma.gov.br\/transparencia\/wp-json\/wp\/v2\/ano?post=9204"},{"taxonomy":"secretarias","embeddable":true,"href":"https:\/\/saobernardo.ma.gov.br\/transparencia\/wp-json\/wp\/v2\/secretarias?post=9204"}],"curies":[{"name":"wp","href":"https:\/\/api.w.org\/{rel}","templated":true}]}}