 {"id":9351,"date":"2022-02-02T07:59:00","date_gmt":"2022-02-02T10:59:00","guid":{"rendered":"https:\/\/saobernardo.ma.gov.br\/transparencia\/?p=9351"},"modified":"2023-06-13T13:55:14","modified_gmt":"2023-06-13T16:55:14","slug":"portaria-no-786-de-01-de-fevereiro-de-2022-dispoe-sobre-a-exoneracao-do-cargo-em-comissao-de-coordenador-de-departamento-da-secretaria-municipal-de-direitos-humanos-do-poder-executivo-e-da","status":"publish","type":"post","link":"https:\/\/saobernardo.ma.gov.br\/transparencia\/portarias\/portaria-no-786-de-01-de-fevereiro-de-2022-dispoe-sobre-a-exoneracao-do-cargo-em-comissao-de-coordenador-de-departamento-da-secretaria-municipal-de-direitos-humanos-do-poder-executivo-e-da\/","title":{"rendered":"PORTARIA N\u00ba 786, DE 01 DE FEVEREIRO DE 2022 &#8211; \u201cDISP\u00d5E SOBRE A EXONERA\u00c7\u00c3O DO CARGO EM COMISS\u00c3O DE COORDENADOR DE DEPARTAMENTO DA SECRETARIA MUNICIPAL DE DIREITOS HUMANOS DO PODER EXECUTIVO E D\u00c1 OUTRAS PROVID\u00caNCIAS&#8221;"},"content":{"rendered":"","protected":false},"excerpt":{"rendered":"","protected":false},"author":6,"featured_media":0,"comment_status":"open","ping_status":"closed","sticky":false,"template":"","format":"standard","meta":{"_acf_changed":false,"footnotes":""},"categories":[4],"tags":[],"mes":[25],"ano":[22],"secretarias":[],"class_list":["post-9351","post","type-post","status-publish","format-standard","hentry","category-portarias","mes-fevereiro","ano-22"],"acf":{"documento":"https:\/\/saobernardo.ma.gov.br\/transparencia\/wp-content\/uploads\/2022\/02\/portaria-786-EXONERACAO.pdf","link_csv":""},"_links":{"self":[{"href":"https:\/\/saobernardo.ma.gov.br\/transparencia\/wp-json\/wp\/v2\/posts\/9351","targetHints":{"allow":["GET"]}}],"collection":[{"href":"https:\/\/saobernardo.ma.gov.br\/transparencia\/wp-json\/wp\/v2\/posts"}],"about":[{"href":"https:\/\/saobernardo.ma.gov.br\/transparencia\/wp-json\/wp\/v2\/types\/post"}],"author":[{"embeddable":true,"href":"https:\/\/saobernardo.ma.gov.br\/transparencia\/wp-json\/wp\/v2\/users\/6"}],"replies":[{"embeddable":true,"href":"https:\/\/saobernardo.ma.gov.br\/transparencia\/wp-json\/wp\/v2\/comments?post=9351"}],"version-history":[{"count":1,"href":"https:\/\/saobernardo.ma.gov.br\/transparencia\/wp-json\/wp\/v2\/posts\/9351\/revisions"}],"predecessor-version":[{"id":9353,"href":"https:\/\/saobernardo.ma.gov.br\/transparencia\/wp-json\/wp\/v2\/posts\/9351\/revisions\/9353"}],"wp:attachment":[{"href":"https:\/\/saobernardo.ma.gov.br\/transparencia\/wp-json\/wp\/v2\/media?parent=9351"}],"wp:term":[{"taxonomy":"category","embeddable":true,"href":"https:\/\/saobernardo.ma.gov.br\/transparencia\/wp-json\/wp\/v2\/categories?post=9351"},{"taxonomy":"post_tag","embeddable":true,"href":"https:\/\/saobernardo.ma.gov.br\/transparencia\/wp-json\/wp\/v2\/tags?post=9351"},{"taxonomy":"mes","embeddable":true,"href":"https:\/\/saobernardo.ma.gov.br\/transparencia\/wp-json\/wp\/v2\/mes?post=9351"},{"taxonomy":"ano","embeddable":true,"href":"https:\/\/saobernardo.ma.gov.br\/transparencia\/wp-json\/wp\/v2\/ano?post=9351"},{"taxonomy":"secretarias","embeddable":true,"href":"https:\/\/saobernardo.ma.gov.br\/transparencia\/wp-json\/wp\/v2\/secretarias?post=9351"}],"curies":[{"name":"wp","href":"https:\/\/api.w.org\/{rel}","templated":true}]}}