 {"id":9385,"date":"2022-02-07T15:28:50","date_gmt":"2022-02-07T18:28:50","guid":{"rendered":"https:\/\/saobernardo.ma.gov.br\/transparencia\/?p=9385"},"modified":"2023-06-13T13:55:14","modified_gmt":"2023-06-13T16:55:14","slug":"portaria-no-789-de-07-de-fevereiro-de-2022-dispoe-sobre-a-nomeacao-para-o-cargo-em-comissao-de-coordenador-de-recursos-humanos-da-secretaria-municipal-de-assitencia-social-na-estrutura-org","status":"publish","type":"post","link":"https:\/\/saobernardo.ma.gov.br\/transparencia\/portarias\/portaria-no-789-de-07-de-fevereiro-de-2022-dispoe-sobre-a-nomeacao-para-o-cargo-em-comissao-de-coordenador-de-recursos-humanos-da-secretaria-municipal-de-assitencia-social-na-estrutura-org\/","title":{"rendered":"PORTARIA N\u00ba 789, DE 07 DE FEVEREIRO DE 2022 &#8211; \u201cDISP\u00d5E SOBRE A NOMEA\u00c7\u00c3O PARA O CARGO EM COMISS\u00c3O DE COORDENADOR DE RECURSOS HUMANOS DA SECRETARIA MUNICIPAL DE ASSIT\u00caNCIA SOCIAL NA ESTRUTURA ORGANIZACIONAL DO PODER EXECUTIVO E D\u00c1 OUTRAS PROVID\u00caNCIAS\u201d."},"content":{"rendered":"","protected":false},"excerpt":{"rendered":"","protected":false},"author":6,"featured_media":0,"comment_status":"open","ping_status":"closed","sticky":false,"template":"","format":"standard","meta":{"_acf_changed":false,"footnotes":""},"categories":[4],"tags":[],"mes":[25],"ano":[22],"secretarias":[],"class_list":["post-9385","post","type-post","status-publish","format-standard","hentry","category-portarias","mes-fevereiro","ano-22"],"acf":{"documento":"https:\/\/saobernardo.ma.gov.br\/transparencia\/wp-content\/uploads\/2022\/02\/portaria-789-NOMEACAO.pdf","link_csv":""},"_links":{"self":[{"href":"https:\/\/saobernardo.ma.gov.br\/transparencia\/wp-json\/wp\/v2\/posts\/9385","targetHints":{"allow":["GET"]}}],"collection":[{"href":"https:\/\/saobernardo.ma.gov.br\/transparencia\/wp-json\/wp\/v2\/posts"}],"about":[{"href":"https:\/\/saobernardo.ma.gov.br\/transparencia\/wp-json\/wp\/v2\/types\/post"}],"author":[{"embeddable":true,"href":"https:\/\/saobernardo.ma.gov.br\/transparencia\/wp-json\/wp\/v2\/users\/6"}],"replies":[{"embeddable":true,"href":"https:\/\/saobernardo.ma.gov.br\/transparencia\/wp-json\/wp\/v2\/comments?post=9385"}],"version-history":[{"count":1,"href":"https:\/\/saobernardo.ma.gov.br\/transparencia\/wp-json\/wp\/v2\/posts\/9385\/revisions"}],"predecessor-version":[{"id":9387,"href":"https:\/\/saobernardo.ma.gov.br\/transparencia\/wp-json\/wp\/v2\/posts\/9385\/revisions\/9387"}],"wp:attachment":[{"href":"https:\/\/saobernardo.ma.gov.br\/transparencia\/wp-json\/wp\/v2\/media?parent=9385"}],"wp:term":[{"taxonomy":"category","embeddable":true,"href":"https:\/\/saobernardo.ma.gov.br\/transparencia\/wp-json\/wp\/v2\/categories?post=9385"},{"taxonomy":"post_tag","embeddable":true,"href":"https:\/\/saobernardo.ma.gov.br\/transparencia\/wp-json\/wp\/v2\/tags?post=9385"},{"taxonomy":"mes","embeddable":true,"href":"https:\/\/saobernardo.ma.gov.br\/transparencia\/wp-json\/wp\/v2\/mes?post=9385"},{"taxonomy":"ano","embeddable":true,"href":"https:\/\/saobernardo.ma.gov.br\/transparencia\/wp-json\/wp\/v2\/ano?post=9385"},{"taxonomy":"secretarias","embeddable":true,"href":"https:\/\/saobernardo.ma.gov.br\/transparencia\/wp-json\/wp\/v2\/secretarias?post=9385"}],"curies":[{"name":"wp","href":"https:\/\/api.w.org\/{rel}","templated":true}]}}