 {"id":939,"date":"2019-03-01T14:12:15","date_gmt":"2019-03-01T17:12:15","guid":{"rendered":"http:\/\/saobernardo.ma.gov.br\/gestaopublica\/?p=939"},"modified":"2023-06-13T16:32:12","modified_gmt":"2023-06-13T19:32:12","slug":"decreto-municipal-n-56-de-01-de-marco-de-2019-ponto-facultativo-no-feriado-de-carnaval-2019-nas-reparticoes-publicas-municipais-e-da-outras-providencias","status":"publish","type":"post","link":"https:\/\/saobernardo.ma.gov.br\/transparencia\/decretos\/decreto-municipal-n-56-de-01-de-marco-de-2019-ponto-facultativo-no-feriado-de-carnaval-2019-nas-reparticoes-publicas-municipais-e-da-outras-providencias\/","title":{"rendered":"Decreto Municipal n\u00b0 56, de 01 de mar\u00e7o de 2019. Ponto Facultativo no feriado de Carnaval 2019 nas reparti\u00e7\u00f5es p\u00fablicas municipais e d\u00e1 outras provid\u00eancias."},"content":{"rendered":"<p><a <a href=\"http:\/\/saobernardo.ma.gov.br\/transparencia\/wp-content\/uploads\/2019\/03\/Decreto-Municipal-n\u00b0-56-de-01-de-mar\u00e7o-de-2019.-Ponto-Facultativo-no-feriado-de-carnaval-2019.pdf\" target=\"_blank\">download\u00a0<\/a><\/p>\n","protected":false},"excerpt":{"rendered":"","protected":false},"author":2,"featured_media":0,"comment_status":"open","ping_status":"closed","sticky":false,"template":"","format":"standard","meta":{"_acf_changed":false,"footnotes":""},"categories":[3],"tags":[],"mes":[26],"ano":[37],"secretarias":[],"class_list":["post-939","post","type-post","status-publish","format-standard","hentry","category-decretos","mes-marco","ano-37"],"acf":{"link_csv":"http:\/\/saobernardo.ma.gov.br\/transparencia\/wp-content\/uploads\/2019\/03\/Decreto-Municipal-n\u00b0-56-de-01-de-mar\u00e7o-de-2019.-Ponto-Facultativo-no-feriado-de-carnaval-2019.pdf"},"_links":{"self":[{"href":"https:\/\/saobernardo.ma.gov.br\/transparencia\/wp-json\/wp\/v2\/posts\/939","targetHints":{"allow":["GET"]}}],"collection":[{"href":"https:\/\/saobernardo.ma.gov.br\/transparencia\/wp-json\/wp\/v2\/posts"}],"about":[{"href":"https:\/\/saobernardo.ma.gov.br\/transparencia\/wp-json\/wp\/v2\/types\/post"}],"author":[{"embeddable":true,"href":"https:\/\/saobernardo.ma.gov.br\/transparencia\/wp-json\/wp\/v2\/users\/2"}],"replies":[{"embeddable":true,"href":"https:\/\/saobernardo.ma.gov.br\/transparencia\/wp-json\/wp\/v2\/comments?post=939"}],"version-history":[{"count":1,"href":"https:\/\/saobernardo.ma.gov.br\/transparencia\/wp-json\/wp\/v2\/posts\/939\/revisions"}],"predecessor-version":[{"id":941,"href":"https:\/\/saobernardo.ma.gov.br\/transparencia\/wp-json\/wp\/v2\/posts\/939\/revisions\/941"}],"wp:attachment":[{"href":"https:\/\/saobernardo.ma.gov.br\/transparencia\/wp-json\/wp\/v2\/media?parent=939"}],"wp:term":[{"taxonomy":"category","embeddable":true,"href":"https:\/\/saobernardo.ma.gov.br\/transparencia\/wp-json\/wp\/v2\/categories?post=939"},{"taxonomy":"post_tag","embeddable":true,"href":"https:\/\/saobernardo.ma.gov.br\/transparencia\/wp-json\/wp\/v2\/tags?post=939"},{"taxonomy":"mes","embeddable":true,"href":"https:\/\/saobernardo.ma.gov.br\/transparencia\/wp-json\/wp\/v2\/mes?post=939"},{"taxonomy":"ano","embeddable":true,"href":"https:\/\/saobernardo.ma.gov.br\/transparencia\/wp-json\/wp\/v2\/ano?post=939"},{"taxonomy":"secretarias","embeddable":true,"href":"https:\/\/saobernardo.ma.gov.br\/transparencia\/wp-json\/wp\/v2\/secretarias?post=939"}],"curies":[{"name":"wp","href":"https:\/\/api.w.org\/{rel}","templated":true}]}}