 {"id":963,"date":"2019-02-20T13:40:06","date_gmt":"2019-02-20T16:40:06","guid":{"rendered":"http:\/\/saobernardo.ma.gov.br\/gestaopublica\/?p=963"},"modified":"2023-06-13T14:02:55","modified_gmt":"2023-06-13T17:02:55","slug":"portaria-n-357-de-20-de-fevereiro-de-2019-nomeacao-do-cargo-em-comissao-de-assessor-tecnico-admnistrativo-da-secretaria-municipal-de-assistencia-social-da-estrutura-organizacional-da-prefeitur","status":"publish","type":"post","link":"https:\/\/saobernardo.ma.gov.br\/transparencia\/portarias\/portaria-n-357-de-20-de-fevereiro-de-2019-nomeacao-do-cargo-em-comissao-de-assessor-tecnico-admnistrativo-da-secretaria-municipal-de-assistencia-social-da-estrutura-organizacional-da-prefeitur\/","title":{"rendered":"Portaria N\u00b0 357, de 20 de fevereiro de 2019, Nomea\u00e7\u00e3o do cargo em comiss\u00e3o de assessor t\u00e9cnico admnistrativo da secretaria municipal de assist\u00eancia social da estrutura organizacional da prefeitura municipal."},"content":{"rendered":"<p><a <a href=\"http:\/\/saobernardo.ma.gov.br\/transparencia\/wp-content\/uploads\/2019\/03\/Portaria-N\u00b0-357-de-20-de-fevereiro-de-2019-Nomea\u00e7\u00e3o-do-cargo-em-comiss\u00e3o-de-assessor-t\u00e9cnico-admnistrativo.pdf\" target=\"_blank\">download\u00a0<\/a><\/p>\n","protected":false},"excerpt":{"rendered":"","protected":false},"author":2,"featured_media":0,"comment_status":"open","ping_status":"closed","sticky":false,"template":"","format":"standard","meta":{"_acf_changed":false,"footnotes":""},"categories":[4],"tags":[],"mes":[25],"ano":[37],"secretarias":[],"class_list":["post-963","post","type-post","status-publish","format-standard","hentry","category-portarias","mes-fevereiro","ano-37"],"acf":{"link_csv":"http:\/\/saobernardo.ma.gov.br\/transparencia\/wp-content\/uploads\/2019\/03\/Portaria-N\u00b0-357-de-20-de-fevereiro-de-2019-Nomea\u00e7\u00e3o-do-cargo-em-comiss\u00e3o-de-assessor-t\u00e9cnico-admnistrativo.pdf"},"_links":{"self":[{"href":"https:\/\/saobernardo.ma.gov.br\/transparencia\/wp-json\/wp\/v2\/posts\/963","targetHints":{"allow":["GET"]}}],"collection":[{"href":"https:\/\/saobernardo.ma.gov.br\/transparencia\/wp-json\/wp\/v2\/posts"}],"about":[{"href":"https:\/\/saobernardo.ma.gov.br\/transparencia\/wp-json\/wp\/v2\/types\/post"}],"author":[{"embeddable":true,"href":"https:\/\/saobernardo.ma.gov.br\/transparencia\/wp-json\/wp\/v2\/users\/2"}],"replies":[{"embeddable":true,"href":"https:\/\/saobernardo.ma.gov.br\/transparencia\/wp-json\/wp\/v2\/comments?post=963"}],"version-history":[{"count":1,"href":"https:\/\/saobernardo.ma.gov.br\/transparencia\/wp-json\/wp\/v2\/posts\/963\/revisions"}],"predecessor-version":[{"id":966,"href":"https:\/\/saobernardo.ma.gov.br\/transparencia\/wp-json\/wp\/v2\/posts\/963\/revisions\/966"}],"wp:attachment":[{"href":"https:\/\/saobernardo.ma.gov.br\/transparencia\/wp-json\/wp\/v2\/media?parent=963"}],"wp:term":[{"taxonomy":"category","embeddable":true,"href":"https:\/\/saobernardo.ma.gov.br\/transparencia\/wp-json\/wp\/v2\/categories?post=963"},{"taxonomy":"post_tag","embeddable":true,"href":"https:\/\/saobernardo.ma.gov.br\/transparencia\/wp-json\/wp\/v2\/tags?post=963"},{"taxonomy":"mes","embeddable":true,"href":"https:\/\/saobernardo.ma.gov.br\/transparencia\/wp-json\/wp\/v2\/mes?post=963"},{"taxonomy":"ano","embeddable":true,"href":"https:\/\/saobernardo.ma.gov.br\/transparencia\/wp-json\/wp\/v2\/ano?post=963"},{"taxonomy":"secretarias","embeddable":true,"href":"https:\/\/saobernardo.ma.gov.br\/transparencia\/wp-json\/wp\/v2\/secretarias?post=963"}],"curies":[{"name":"wp","href":"https:\/\/api.w.org\/{rel}","templated":true}]}}